{"id":15088,"date":"2023-08-25T13:59:24","date_gmt":"2023-08-25T11:59:24","guid":{"rendered":"https:\/\/www.acolprof.org\/?p=15088"},"modified":"2023-08-25T14:04:51","modified_gmt":"2023-08-25T12:04:51","slug":"colfle-5-laction-de-la-cooperation-educative-francaise-en-colombie-2","status":"publish","type":"post","link":"https:\/\/www.acolprof.org\/es_co\/colfle-5-laction-de-la-cooperation-educative-francaise-en-colombie-2","title":{"rendered":"ColFLE #5 : L\u2019action de la coop\u00e9ration \u00e9ducative fran\u00e7aise en Colombie"},"content":{"rendered":"<p>Lors de cette \u00e9dition, nous vous pr\u00e9senterons les grands axes et projets de l\u2019Ambassade de France en mati\u00e8re de promotion et d\u00e9veloppement de l\u2019enseignement du fran\u00e7ais et des cultures francophones en Colombie. Ce sera \u00e9galement l\u2019occasion de vous pr\u00e9senter notre projet autour de la plateforme IFprofs, r\u00e9seau social gratuit et mondial d\u00e9di\u00e9 aux professeurs et futurs professeurs de fran\u00e7ais.<\/p>\n\n\n\n<p>Webinaire anim\u00e9 par S\u00e9bastien Portelli, attach\u00e9 de coop\u00e9ration \u00e9ducative et linguistique, Ambassade de France.<\/p>\n\n\n\n<figure class=\"wp-block-image size-full\"><img decoding=\"async\" src=\"https:\/\/www.acolprof.org\/wp-content\/uploads\/2023\/08\/acol.jpg\" alt=\"\" class=\"wp-image-15089\"\/><\/figure>\n\n\n\n<div style=\"height:23px\" aria-hidden=\"true\" class=\"wp-block-spacer\"><\/div>\n\n\n\n<div class=\"wp-block-buttons is-content-justification-center is-layout-flex wp-container-core-buttons-is-layout-16018d1d wp-block-buttons-is-layout-flex\">\n<div class=\"wp-block-button has-custom-font-size is-style-outline has-medium-font-size is-style-outline--1\"><a class=\"wp-block-button__link has-white-background-color has-background wp-element-button\" href=\"https:\/\/www.eventbrite.com\/e\/billets-colfle-5-laction-de-la-cooperation-educative-francaise-en-colombie-645397921557\" target=\"_blank\" rel=\"noreferrer noopener\">R\u00c9SERVER VOTRE PLACE<\/a><\/div>\n<\/div>","protected":false},"excerpt":{"rendered":"<p>Lors de cette \u00e9dition, nous vous pr\u00e9senterons les grands axes et projets de l\u2019Ambassade de France en mati\u00e8re de promotion et d\u00e9veloppement de l\u2019enseignement du fran\u00e7ais et des cultures francophones en Colombie. Ce sera \u00e9galement l\u2019occasion de vous pr\u00e9senter notre projet autour de la plateforme IFprofs, r\u00e9seau social gratuit et mondial d\u00e9di\u00e9 aux professeurs et futurs professeurs de fran\u00e7ais. Webinaire [&hellip;]<\/p>\n","protected":false},"author":73,"featured_media":0,"comment_status":"closed","ping_status":"closed","sticky":false,"template":"","format":"chat","meta":{"_bbp_topic_count":0,"_bbp_reply_count":0,"_bbp_total_topic_count":0,"_bbp_total_reply_count":0,"_bbp_voice_count":0,"_bbp_anonymous_reply_count":0,"_bbp_topic_count_hidden":0,"_bbp_reply_count_hidden":0,"_bbp_forum_subforum_count":0,"footnotes":""},"categories":[29],"tags":[],"class_list":["post-15088","post","type-post","status-publish","format-chat","hentry","category-blog","post_format-post-format-chat"],"yoast_head":"<!-- This site is optimized with the Yoast SEO plugin v27.5 - https:\/\/yoast.com\/product\/yoast-seo-wordpress\/ -->\n<title>ColFLE #5 : L\u2019action de la coop\u00e9ration \u00e9ducative fran\u00e7aise en Colombie - Acolprof<\/title>\n<meta name=\"robots\" content=\"index, follow, max-snippet:-1, max-image-preview:large, max-video-preview:-1\" \/>\n<link rel=\"canonical\" href=\"https:\/\/www.acolprof.org\/es_co\/colfle-5-laction-de-la-cooperation-educative-francaise-en-colombie-2\/\" \/>\n<meta property=\"og:locale\" content=\"es_ES\" \/>\n<meta property=\"og:type\" content=\"article\" \/>\n<meta property=\"og:title\" content=\"ColFLE #5 : L\u2019action de la coop\u00e9ration \u00e9ducative fran\u00e7aise en Colombie - Acolprof\" \/>\n<meta property=\"og:description\" content=\"Lors de cette \u00e9dition, nous vous pr\u00e9senterons les grands axes et projets de l\u2019Ambassade de France en mati\u00e8re de promotion et d\u00e9veloppement de l\u2019enseignement du fran\u00e7ais et des cultures francophones en Colombie. Ce sera \u00e9galement l\u2019occasion de vous pr\u00e9senter notre projet autour de la plateforme IFprofs, r\u00e9seau social gratuit et mondial d\u00e9di\u00e9 aux professeurs et futurs professeurs de fran\u00e7ais. Webinaire [&hellip;]\" \/>\n<meta property=\"og:url\" content=\"https:\/\/www.acolprof.org\/es_co\/colfle-5-laction-de-la-cooperation-educative-francaise-en-colombie-2\/\" \/>\n<meta property=\"og:site_name\" content=\"Acolprof\" \/>\n<meta property=\"article:publisher\" content=\"https:\/\/www.facebook.com\/ACOLPROF\/\" \/>\n<meta property=\"article:published_time\" content=\"2023-08-25T11:59:24+00:00\" \/>\n<meta property=\"article:modified_time\" content=\"2023-08-25T12:04:51+00:00\" \/>\n<meta property=\"og:image\" content=\"https:\/\/www.acolprof.org\/wp-content\/uploads\/2023\/08\/acol.jpg\" \/>\n<meta name=\"author\" content=\"Lizeth Donoso Herrera\" \/>\n<meta name=\"twitter:card\" content=\"summary_large_image\" \/>\n<meta name=\"twitter:creator\" content=\"@acolprof\" \/>\n<meta name=\"twitter:site\" content=\"@acolprof\" \/>\n<meta name=\"twitter:label1\" content=\"Escrito por\" \/>\n\t<meta name=\"twitter:data1\" content=\"Lizeth Donoso Herrera\" \/>\n\t<meta name=\"twitter:label2\" content=\"Tiempo de lectura\" \/>\n\t<meta name=\"twitter:data2\" content=\"1 minuto\" \/>\n<script type=\"application\/ld+json\" class=\"yoast-schema-graph\">{\"@context\":\"https:\\\/\\\/schema.org\",\"@graph\":[{\"@type\":\"Article\",\"@id\":\"https:\\\/\\\/www.acolprof.org\\\/colfle-5-laction-de-la-cooperation-educative-francaise-en-colombie-2#article\",\"isPartOf\":{\"@id\":\"https:\\\/\\\/www.acolprof.org\\\/colfle-5-laction-de-la-cooperation-educative-francaise-en-colombie-2\"},\"author\":{\"name\":\"Lizeth Donoso Herrera\",\"@id\":\"https:\\\/\\\/www.acolprof.org\\\/#\\\/schema\\\/person\\\/32a0de51ca792ee14a3afaffa790a8b7\"},\"headline\":\"ColFLE #5 : L\u2019action de la coop\u00e9ration \u00e9ducative fran\u00e7aise en Colombie\",\"datePublished\":\"2023-08-25T11:59:24+00:00\",\"dateModified\":\"2023-08-25T12:04:51+00:00\",\"mainEntityOfPage\":{\"@id\":\"https:\\\/\\\/www.acolprof.org\\\/colfle-5-laction-de-la-cooperation-educative-francaise-en-colombie-2\"},\"wordCount\":102,\"publisher\":{\"@id\":\"https:\\\/\\\/www.acolprof.org\\\/#organization\"},\"image\":{\"@id\":\"https:\\\/\\\/www.acolprof.org\\\/colfle-5-laction-de-la-cooperation-educative-francaise-en-colombie-2#primaryimage\"},\"thumbnailUrl\":\"https:\\\/\\\/www.acolprof.org\\\/wp-content\\\/uploads\\\/2023\\\/08\\\/acol.jpg\",\"articleSection\":[\"Blog\"],\"inLanguage\":\"es-CO\"},{\"@type\":\"WebPage\",\"@id\":\"https:\\\/\\\/www.acolprof.org\\\/colfle-5-laction-de-la-cooperation-educative-francaise-en-colombie-2\",\"url\":\"https:\\\/\\\/www.acolprof.org\\\/colfle-5-laction-de-la-cooperation-educative-francaise-en-colombie-2\",\"name\":\"ColFLE #5 : L\u2019action de la coop\u00e9ration \u00e9ducative fran\u00e7aise en Colombie - Acolprof\",\"isPartOf\":{\"@id\":\"https:\\\/\\\/www.acolprof.org\\\/#website\"},\"primaryImageOfPage\":{\"@id\":\"https:\\\/\\\/www.acolprof.org\\\/colfle-5-laction-de-la-cooperation-educative-francaise-en-colombie-2#primaryimage\"},\"image\":{\"@id\":\"https:\\\/\\\/www.acolprof.org\\\/colfle-5-laction-de-la-cooperation-educative-francaise-en-colombie-2#primaryimage\"},\"thumbnailUrl\":\"https:\\\/\\\/www.acolprof.org\\\/wp-content\\\/uploads\\\/2023\\\/08\\\/acol.jpg\",\"datePublished\":\"2023-08-25T11:59:24+00:00\",\"dateModified\":\"2023-08-25T12:04:51+00:00\",\"breadcrumb\":{\"@id\":\"https:\\\/\\\/www.acolprof.org\\\/colfle-5-laction-de-la-cooperation-educative-francaise-en-colombie-2#breadcrumb\"},\"inLanguage\":\"es-CO\",\"potentialAction\":[{\"@type\":\"ReadAction\",\"target\":[\"https:\\\/\\\/www.acolprof.org\\\/colfle-5-laction-de-la-cooperation-educative-francaise-en-colombie-2\"]}]},{\"@type\":\"ImageObject\",\"inLanguage\":\"es-CO\",\"@id\":\"https:\\\/\\\/www.acolprof.org\\\/colfle-5-laction-de-la-cooperation-educative-francaise-en-colombie-2#primaryimage\",\"url\":\"https:\\\/\\\/www.acolprof.org\\\/wp-content\\\/uploads\\\/2023\\\/08\\\/acol.jpg\",\"contentUrl\":\"https:\\\/\\\/www.acolprof.org\\\/wp-content\\\/uploads\\\/2023\\\/08\\\/acol.jpg\"},{\"@type\":\"BreadcrumbList\",\"@id\":\"https:\\\/\\\/www.acolprof.org\\\/colfle-5-laction-de-la-cooperation-educative-francaise-en-colombie-2#breadcrumb\",\"itemListElement\":[{\"@type\":\"ListItem\",\"position\":1,\"name\":\"Accueil\",\"item\":\"https:\\\/\\\/www.acolprof.org\\\/\"},{\"@type\":\"ListItem\",\"position\":2,\"name\":\"ColFLE #5 : L\u2019action de la coop\u00e9ration \u00e9ducative fran\u00e7aise en Colombie\"}]},{\"@type\":\"WebSite\",\"@id\":\"https:\\\/\\\/www.acolprof.org\\\/#website\",\"url\":\"https:\\\/\\\/www.acolprof.org\\\/\",\"name\":\"Acolprof\",\"description\":\"Association Colombienne de professeurs de fran\u00e7ais\",\"publisher\":{\"@id\":\"https:\\\/\\\/www.acolprof.org\\\/#organization\"},\"potentialAction\":[{\"@type\":\"SearchAction\",\"target\":{\"@type\":\"EntryPoint\",\"urlTemplate\":\"https:\\\/\\\/www.acolprof.org\\\/?s={search_term_string}\"},\"query-input\":{\"@type\":\"PropertyValueSpecification\",\"valueRequired\":true,\"valueName\":\"search_term_string\"}}],\"inLanguage\":\"es-CO\"},{\"@type\":\"Organization\",\"@id\":\"https:\\\/\\\/www.acolprof.org\\\/#organization\",\"name\":\"ACOLPROF\",\"url\":\"https:\\\/\\\/www.acolprof.org\\\/\",\"logo\":{\"@type\":\"ImageObject\",\"inLanguage\":\"es-CO\",\"@id\":\"https:\\\/\\\/www.acolprof.org\\\/#\\\/schema\\\/logo\\\/image\\\/\",\"url\":\"https:\\\/\\\/www.acolprof.org\\\/wp-content\\\/uploads\\\/2022\\\/01\\\/logo-Acolprof-site.png\",\"contentUrl\":\"https:\\\/\\\/www.acolprof.org\\\/wp-content\\\/uploads\\\/2022\\\/01\\\/logo-Acolprof-site.png\",\"width\":350,\"height\":90,\"caption\":\"ACOLPROF\"},\"image\":{\"@id\":\"https:\\\/\\\/www.acolprof.org\\\/#\\\/schema\\\/logo\\\/image\\\/\"},\"sameAs\":[\"https:\\\/\\\/www.facebook.com\\\/ACOLPROF\\\/\",\"https:\\\/\\\/x.com\\\/acolprof\"]},{\"@type\":\"Person\",\"@id\":\"https:\\\/\\\/www.acolprof.org\\\/#\\\/schema\\\/person\\\/32a0de51ca792ee14a3afaffa790a8b7\",\"name\":\"Lizeth Donoso Herrera\",\"image\":{\"@type\":\"ImageObject\",\"inLanguage\":\"es-CO\",\"@id\":\"https:\\\/\\\/www.acolprof.org\\\/wp-content\\\/plugins\\\/buddypress\\\/bp-core\\\/images\\\/mystery-man.jpg\",\"url\":\"https:\\\/\\\/www.acolprof.org\\\/wp-content\\\/plugins\\\/buddypress\\\/bp-core\\\/images\\\/mystery-man.jpg\",\"contentUrl\":\"https:\\\/\\\/www.acolprof.org\\\/wp-content\\\/plugins\\\/buddypress\\\/bp-core\\\/images\\\/mystery-man.jpg\",\"caption\":\"Lizeth Donoso Herrera\"},\"url\":\"https:\\\/\\\/www.acolprof.org\\\/es_co\\\/membres\\\/lizeth\"}]}<\/script>\n<!-- \/ Yoast SEO plugin. -->","yoast_head_json":{"title":"ColFLE #5 : L\u2019action de la coop\u00e9ration \u00e9ducative fran\u00e7aise en Colombie - Acolprof","robots":{"index":"index","follow":"follow","max-snippet":"max-snippet:-1","max-image-preview":"max-image-preview:large","max-video-preview":"max-video-preview:-1"},"canonical":"https:\/\/www.acolprof.org\/es_co\/colfle-5-laction-de-la-cooperation-educative-francaise-en-colombie-2\/","og_locale":"es_ES","og_type":"article","og_title":"ColFLE #5 : L\u2019action de la coop\u00e9ration \u00e9ducative fran\u00e7aise en Colombie - Acolprof","og_description":"Lors de cette \u00e9dition, nous vous pr\u00e9senterons les grands axes et projets de l\u2019Ambassade de France en mati\u00e8re de promotion et d\u00e9veloppement de l\u2019enseignement du fran\u00e7ais et des cultures francophones en Colombie. Ce sera \u00e9galement l\u2019occasion de vous pr\u00e9senter notre projet autour de la plateforme IFprofs, r\u00e9seau social gratuit et mondial d\u00e9di\u00e9 aux professeurs et futurs professeurs de fran\u00e7ais. Webinaire [&hellip;]","og_url":"https:\/\/www.acolprof.org\/es_co\/colfle-5-laction-de-la-cooperation-educative-francaise-en-colombie-2\/","og_site_name":"Acolprof","article_publisher":"https:\/\/www.facebook.com\/ACOLPROF\/","article_published_time":"2023-08-25T11:59:24+00:00","article_modified_time":"2023-08-25T12:04:51+00:00","og_image":[{"url":"https:\/\/www.acolprof.org\/wp-content\/uploads\/2023\/08\/acol.jpg","type":"","width":"","height":""}],"author":"Lizeth Donoso Herrera","twitter_card":"summary_large_image","twitter_creator":"@acolprof","twitter_site":"@acolprof","twitter_misc":{"Escrito por":"Lizeth Donoso Herrera","Tiempo de lectura":"1 minuto"},"schema":{"@context":"https:\/\/schema.org","@graph":[{"@type":"Article","@id":"https:\/\/www.acolprof.org\/colfle-5-laction-de-la-cooperation-educative-francaise-en-colombie-2#article","isPartOf":{"@id":"https:\/\/www.acolprof.org\/colfle-5-laction-de-la-cooperation-educative-francaise-en-colombie-2"},"author":{"name":"Lizeth Donoso Herrera","@id":"https:\/\/www.acolprof.org\/#\/schema\/person\/32a0de51ca792ee14a3afaffa790a8b7"},"headline":"ColFLE #5 : L\u2019action de la coop\u00e9ration \u00e9ducative fran\u00e7aise en Colombie","datePublished":"2023-08-25T11:59:24+00:00","dateModified":"2023-08-25T12:04:51+00:00","mainEntityOfPage":{"@id":"https:\/\/www.acolprof.org\/colfle-5-laction-de-la-cooperation-educative-francaise-en-colombie-2"},"wordCount":102,"publisher":{"@id":"https:\/\/www.acolprof.org\/#organization"},"image":{"@id":"https:\/\/www.acolprof.org\/colfle-5-laction-de-la-cooperation-educative-francaise-en-colombie-2#primaryimage"},"thumbnailUrl":"https:\/\/www.acolprof.org\/wp-content\/uploads\/2023\/08\/acol.jpg","articleSection":["Blog"],"inLanguage":"es-CO"},{"@type":"WebPage","@id":"https:\/\/www.acolprof.org\/colfle-5-laction-de-la-cooperation-educative-francaise-en-colombie-2","url":"https:\/\/www.acolprof.org\/colfle-5-laction-de-la-cooperation-educative-francaise-en-colombie-2","name":"ColFLE #5 : L\u2019action de la coop\u00e9ration \u00e9ducative fran\u00e7aise en Colombie - Acolprof","isPartOf":{"@id":"https:\/\/www.acolprof.org\/#website"},"primaryImageOfPage":{"@id":"https:\/\/www.acolprof.org\/colfle-5-laction-de-la-cooperation-educative-francaise-en-colombie-2#primaryimage"},"image":{"@id":"https:\/\/www.acolprof.org\/colfle-5-laction-de-la-cooperation-educative-francaise-en-colombie-2#primaryimage"},"thumbnailUrl":"https:\/\/www.acolprof.org\/wp-content\/uploads\/2023\/08\/acol.jpg","datePublished":"2023-08-25T11:59:24+00:00","dateModified":"2023-08-25T12:04:51+00:00","breadcrumb":{"@id":"https:\/\/www.acolprof.org\/colfle-5-laction-de-la-cooperation-educative-francaise-en-colombie-2#breadcrumb"},"inLanguage":"es-CO","potentialAction":[{"@type":"ReadAction","target":["https:\/\/www.acolprof.org\/colfle-5-laction-de-la-cooperation-educative-francaise-en-colombie-2"]}]},{"@type":"ImageObject","inLanguage":"es-CO","@id":"https:\/\/www.acolprof.org\/colfle-5-laction-de-la-cooperation-educative-francaise-en-colombie-2#primaryimage","url":"https:\/\/www.acolprof.org\/wp-content\/uploads\/2023\/08\/acol.jpg","contentUrl":"https:\/\/www.acolprof.org\/wp-content\/uploads\/2023\/08\/acol.jpg"},{"@type":"BreadcrumbList","@id":"https:\/\/www.acolprof.org\/colfle-5-laction-de-la-cooperation-educative-francaise-en-colombie-2#breadcrumb","itemListElement":[{"@type":"ListItem","position":1,"name":"Accueil","item":"https:\/\/www.acolprof.org\/"},{"@type":"ListItem","position":2,"name":"ColFLE #5 : L\u2019action de la coop\u00e9ration \u00e9ducative fran\u00e7aise en Colombie"}]},{"@type":"WebSite","@id":"https:\/\/www.acolprof.org\/#website","url":"https:\/\/www.acolprof.org\/","name":"Acolprof","description":"Association Colombienne de professeurs de fran\u00e7ais","publisher":{"@id":"https:\/\/www.acolprof.org\/#organization"},"potentialAction":[{"@type":"SearchAction","target":{"@type":"EntryPoint","urlTemplate":"https:\/\/www.acolprof.org\/?s={search_term_string}"},"query-input":{"@type":"PropertyValueSpecification","valueRequired":true,"valueName":"search_term_string"}}],"inLanguage":"es-CO"},{"@type":"Organization","@id":"https:\/\/www.acolprof.org\/#organization","name":"ACOLPROF","url":"https:\/\/www.acolprof.org\/","logo":{"@type":"ImageObject","inLanguage":"es-CO","@id":"https:\/\/www.acolprof.org\/#\/schema\/logo\/image\/","url":"https:\/\/www.acolprof.org\/wp-content\/uploads\/2022\/01\/logo-Acolprof-site.png","contentUrl":"https:\/\/www.acolprof.org\/wp-content\/uploads\/2022\/01\/logo-Acolprof-site.png","width":350,"height":90,"caption":"ACOLPROF"},"image":{"@id":"https:\/\/www.acolprof.org\/#\/schema\/logo\/image\/"},"sameAs":["https:\/\/www.facebook.com\/ACOLPROF\/","https:\/\/x.com\/acolprof"]},{"@type":"Person","@id":"https:\/\/www.acolprof.org\/#\/schema\/person\/32a0de51ca792ee14a3afaffa790a8b7","name":"Lizeth Donoso Herrera","image":{"@type":"ImageObject","inLanguage":"es-CO","@id":"https:\/\/www.acolprof.org\/wp-content\/plugins\/buddypress\/bp-core\/images\/mystery-man.jpg","url":"https:\/\/www.acolprof.org\/wp-content\/plugins\/buddypress\/bp-core\/images\/mystery-man.jpg","contentUrl":"https:\/\/www.acolprof.org\/wp-content\/plugins\/buddypress\/bp-core\/images\/mystery-man.jpg","caption":"Lizeth Donoso Herrera"},"url":"https:\/\/www.acolprof.org\/es_co\/membres\/lizeth"}]}},"_links":{"self":[{"href":"https:\/\/www.acolprof.org\/es_co\/wp-json\/wp\/v2\/posts\/15088","targetHints":{"allow":["GET"]}}],"collection":[{"href":"https:\/\/www.acolprof.org\/es_co\/wp-json\/wp\/v2\/posts"}],"about":[{"href":"https:\/\/www.acolprof.org\/es_co\/wp-json\/wp\/v2\/types\/post"}],"author":[{"embeddable":true,"href":"https:\/\/www.acolprof.org\/es_co\/wp-json\/wp\/v2\/users\/73"}],"replies":[{"embeddable":true,"href":"https:\/\/www.acolprof.org\/es_co\/wp-json\/wp\/v2\/comments?post=15088"}],"version-history":[{"count":3,"href":"https:\/\/www.acolprof.org\/es_co\/wp-json\/wp\/v2\/posts\/15088\/revisions"}],"predecessor-version":[{"id":15092,"href":"https:\/\/www.acolprof.org\/es_co\/wp-json\/wp\/v2\/posts\/15088\/revisions\/15092"}],"wp:attachment":[{"href":"https:\/\/www.acolprof.org\/es_co\/wp-json\/wp\/v2\/media?parent=15088"}],"wp:term":[{"taxonomy":"category","embeddable":true,"href":"https:\/\/www.acolprof.org\/es_co\/wp-json\/wp\/v2\/categories?post=15088"},{"taxonomy":"post_tag","embeddable":true,"href":"https:\/\/www.acolprof.org\/es_co\/wp-json\/wp\/v2\/tags?post=15088"}],"curies":[{"name":"wp","href":"https:\/\/api.w.org\/{rel}","templated":true}]}}