{"id":15035,"date":"2023-08-08T15:09:50","date_gmt":"2023-08-08T13:09:50","guid":{"rendered":"https:\/\/www.acolprof.org\/?p=15035"},"modified":"2023-08-08T15:09:53","modified_gmt":"2023-08-08T13:09:53","slug":"video-colfle-webinaire-4-lenseignement-du-francais-en-milieu-universitaire-defi-et-tension","status":"publish","type":"post","link":"https:\/\/www.acolprof.org\/es_co\/video-colfle-webinaire-4-lenseignement-du-francais-en-milieu-universitaire-defi-et-tension","title":{"rendered":"Vid\u00e9o : ColFLE Webinaire #4 : L\u2019enseignement du fran\u00e7ais en milieu universitaire : d\u00e9fi et tension"},"content":{"rendered":"<p>Dans ce webinaire, nous examinons la place du fran\u00e7ais dans le monde et, principalement, en Colombie. En particulier, nous parlons du r\u00f4le des universit\u00e9s dans la recherche sur l&rsquo;enseignement du fran\u00e7ais dans le contexte colombien et son influence sur les politiques linguistiques et \u00e9ducatives nationales. Nous analysons le r\u00f4le de l&rsquo;Association colombienne des professeurs de fran\u00e7ais dans la promotion de la langue fran\u00e7aise et des cultures francophones dans le pays, ainsi que dans la formation des enseignants dans ce domaine. Enfin, nous soulignons l&rsquo;importance de la vie associative des professeurs de fran\u00e7ais comme outil politique pour d\u00e9fendre le multilinguisme des citoyens colombiens.<\/p>\n\n\n\n<figure class=\"wp-block-embed is-type-video is-provider-youtube wp-block-embed-youtube wp-embed-aspect-16-9 wp-has-aspect-ratio\"><div class=\"wp-block-embed__wrapper\">\n<iframe title=\"ColFLE Webinaire #4 :  L\u2019enseignement du fran\u00e7ais en milieu universitaire : d\u00e9fi et tension\" width=\"1200\" height=\"675\" src=\"https:\/\/www.youtube.com\/embed\/3V0HThL20kY?feature=oembed&amp;wmode=opaque&amp;showinfo=0\" style=\"border: none\" allow=\"accelerometer; autoplay; clipboard-write; encrypted-media; gyroscope; picture-in-picture; web-share\" allowfullscreen><\/iframe>\n<\/div><\/figure>","protected":false},"excerpt":{"rendered":"<p>Dans ce webinaire, nous examinons la place du fran\u00e7ais dans le monde et, principalement, en Colombie. En particulier, nous parlons du r\u00f4le des universit\u00e9s dans la recherche sur l&rsquo;enseignement du fran\u00e7ais dans le contexte colombien et son influence sur les politiques linguistiques et \u00e9ducatives nationales. Nous analysons le r\u00f4le de l&rsquo;Association colombienne des professeurs de fran\u00e7ais dans la promotion de [&hellip;]<\/p>\n","protected":false},"author":73,"featured_media":0,"comment_status":"closed","ping_status":"closed","sticky":false,"template":"","format":"chat","meta":{"_bbp_topic_count":0,"_bbp_reply_count":0,"_bbp_total_topic_count":0,"_bbp_total_reply_count":0,"_bbp_voice_count":0,"_bbp_anonymous_reply_count":0,"_bbp_topic_count_hidden":0,"_bbp_reply_count_hidden":0,"_bbp_forum_subforum_count":0,"footnotes":""},"categories":[29],"tags":[],"class_list":["post-15035","post","type-post","status-publish","format-chat","hentry","category-blog","post_format-post-format-chat"],"yoast_head":"<!-- This site is optimized with the Yoast SEO plugin v27.5 - https:\/\/yoast.com\/product\/yoast-seo-wordpress\/ -->\n<title>Vid\u00e9o : ColFLE Webinaire #4 : L\u2019enseignement du fran\u00e7ais en milieu universitaire : d\u00e9fi et tension - Acolprof<\/title>\n<meta name=\"robots\" content=\"index, follow, max-snippet:-1, max-image-preview:large, max-video-preview:-1\" \/>\n<link rel=\"canonical\" href=\"https:\/\/www.acolprof.org\/es_co\/video-colfle-webinaire-4-lenseignement-du-francais-en-milieu-universitaire-defi-et-tension\/\" \/>\n<meta property=\"og:locale\" content=\"es_ES\" \/>\n<meta property=\"og:type\" content=\"article\" \/>\n<meta property=\"og:title\" content=\"Vid\u00e9o : ColFLE Webinaire #4 : L\u2019enseignement du fran\u00e7ais en milieu universitaire : d\u00e9fi et tension - Acolprof\" \/>\n<meta property=\"og:description\" content=\"Dans ce webinaire, nous examinons la place du fran\u00e7ais dans le monde et, principalement, en Colombie. En particulier, nous parlons du r\u00f4le des universit\u00e9s dans la recherche sur l&rsquo;enseignement du fran\u00e7ais dans le contexte colombien et son influence sur les politiques linguistiques et \u00e9ducatives nationales. Nous analysons le r\u00f4le de l&rsquo;Association colombienne des professeurs de fran\u00e7ais dans la promotion de [&hellip;]\" \/>\n<meta property=\"og:url\" content=\"https:\/\/www.acolprof.org\/es_co\/video-colfle-webinaire-4-lenseignement-du-francais-en-milieu-universitaire-defi-et-tension\/\" \/>\n<meta property=\"og:site_name\" content=\"Acolprof\" \/>\n<meta property=\"article:publisher\" content=\"https:\/\/www.facebook.com\/ACOLPROF\/\" \/>\n<meta property=\"article:published_time\" content=\"2023-08-08T13:09:50+00:00\" \/>\n<meta property=\"article:modified_time\" content=\"2023-08-08T13:09:53+00:00\" \/>\n<meta name=\"author\" content=\"Lizeth Donoso Herrera\" \/>\n<meta name=\"twitter:card\" content=\"summary_large_image\" \/>\n<meta name=\"twitter:creator\" content=\"@acolprof\" \/>\n<meta name=\"twitter:site\" content=\"@acolprof\" \/>\n<meta name=\"twitter:label1\" content=\"Escrito por\" \/>\n\t<meta name=\"twitter:data1\" content=\"Lizeth Donoso Herrera\" \/>\n\t<meta name=\"twitter:label2\" content=\"Tiempo de lectura\" \/>\n\t<meta name=\"twitter:data2\" content=\"1 minuto\" \/>\n<script type=\"application\/ld+json\" class=\"yoast-schema-graph\">{\"@context\":\"https:\\\/\\\/schema.org\",\"@graph\":[{\"@type\":\"Article\",\"@id\":\"https:\\\/\\\/www.acolprof.org\\\/video-colfle-webinaire-4-lenseignement-du-francais-en-milieu-universitaire-defi-et-tension#article\",\"isPartOf\":{\"@id\":\"https:\\\/\\\/www.acolprof.org\\\/video-colfle-webinaire-4-lenseignement-du-francais-en-milieu-universitaire-defi-et-tension\"},\"author\":{\"name\":\"Lizeth Donoso Herrera\",\"@id\":\"https:\\\/\\\/www.acolprof.org\\\/#\\\/schema\\\/person\\\/32a0de51ca792ee14a3afaffa790a8b7\"},\"headline\":\"Vid\u00e9o : ColFLE Webinaire #4 : L\u2019enseignement du fran\u00e7ais en milieu universitaire : d\u00e9fi et tension\",\"datePublished\":\"2023-08-08T13:09:50+00:00\",\"dateModified\":\"2023-08-08T13:09:53+00:00\",\"mainEntityOfPage\":{\"@id\":\"https:\\\/\\\/www.acolprof.org\\\/video-colfle-webinaire-4-lenseignement-du-francais-en-milieu-universitaire-defi-et-tension\"},\"wordCount\":136,\"publisher\":{\"@id\":\"https:\\\/\\\/www.acolprof.org\\\/#organization\"},\"articleSection\":[\"Blog\"],\"inLanguage\":\"es-CO\"},{\"@type\":\"WebPage\",\"@id\":\"https:\\\/\\\/www.acolprof.org\\\/video-colfle-webinaire-4-lenseignement-du-francais-en-milieu-universitaire-defi-et-tension\",\"url\":\"https:\\\/\\\/www.acolprof.org\\\/video-colfle-webinaire-4-lenseignement-du-francais-en-milieu-universitaire-defi-et-tension\",\"name\":\"Vid\u00e9o : ColFLE Webinaire #4 : L\u2019enseignement du fran\u00e7ais en milieu universitaire : d\u00e9fi et tension - Acolprof\",\"isPartOf\":{\"@id\":\"https:\\\/\\\/www.acolprof.org\\\/#website\"},\"datePublished\":\"2023-08-08T13:09:50+00:00\",\"dateModified\":\"2023-08-08T13:09:53+00:00\",\"breadcrumb\":{\"@id\":\"https:\\\/\\\/www.acolprof.org\\\/video-colfle-webinaire-4-lenseignement-du-francais-en-milieu-universitaire-defi-et-tension#breadcrumb\"},\"inLanguage\":\"es-CO\",\"potentialAction\":[{\"@type\":\"ReadAction\",\"target\":[\"https:\\\/\\\/www.acolprof.org\\\/video-colfle-webinaire-4-lenseignement-du-francais-en-milieu-universitaire-defi-et-tension\"]}]},{\"@type\":\"BreadcrumbList\",\"@id\":\"https:\\\/\\\/www.acolprof.org\\\/video-colfle-webinaire-4-lenseignement-du-francais-en-milieu-universitaire-defi-et-tension#breadcrumb\",\"itemListElement\":[{\"@type\":\"ListItem\",\"position\":1,\"name\":\"Accueil\",\"item\":\"https:\\\/\\\/www.acolprof.org\\\/\"},{\"@type\":\"ListItem\",\"position\":2,\"name\":\"Vid\u00e9o : ColFLE Webinaire #4 : L\u2019enseignement du fran\u00e7ais en milieu universitaire : d\u00e9fi et tension\"}]},{\"@type\":\"WebSite\",\"@id\":\"https:\\\/\\\/www.acolprof.org\\\/#website\",\"url\":\"https:\\\/\\\/www.acolprof.org\\\/\",\"name\":\"Acolprof\",\"description\":\"Association Colombienne de professeurs de fran\u00e7ais\",\"publisher\":{\"@id\":\"https:\\\/\\\/www.acolprof.org\\\/#organization\"},\"potentialAction\":[{\"@type\":\"SearchAction\",\"target\":{\"@type\":\"EntryPoint\",\"urlTemplate\":\"https:\\\/\\\/www.acolprof.org\\\/?s={search_term_string}\"},\"query-input\":{\"@type\":\"PropertyValueSpecification\",\"valueRequired\":true,\"valueName\":\"search_term_string\"}}],\"inLanguage\":\"es-CO\"},{\"@type\":\"Organization\",\"@id\":\"https:\\\/\\\/www.acolprof.org\\\/#organization\",\"name\":\"ACOLPROF\",\"url\":\"https:\\\/\\\/www.acolprof.org\\\/\",\"logo\":{\"@type\":\"ImageObject\",\"inLanguage\":\"es-CO\",\"@id\":\"https:\\\/\\\/www.acolprof.org\\\/#\\\/schema\\\/logo\\\/image\\\/\",\"url\":\"https:\\\/\\\/www.acolprof.org\\\/wp-content\\\/uploads\\\/2022\\\/01\\\/logo-Acolprof-site.png\",\"contentUrl\":\"https:\\\/\\\/www.acolprof.org\\\/wp-content\\\/uploads\\\/2022\\\/01\\\/logo-Acolprof-site.png\",\"width\":350,\"height\":90,\"caption\":\"ACOLPROF\"},\"image\":{\"@id\":\"https:\\\/\\\/www.acolprof.org\\\/#\\\/schema\\\/logo\\\/image\\\/\"},\"sameAs\":[\"https:\\\/\\\/www.facebook.com\\\/ACOLPROF\\\/\",\"https:\\\/\\\/x.com\\\/acolprof\"]},{\"@type\":\"Person\",\"@id\":\"https:\\\/\\\/www.acolprof.org\\\/#\\\/schema\\\/person\\\/32a0de51ca792ee14a3afaffa790a8b7\",\"name\":\"Lizeth Donoso Herrera\",\"image\":{\"@type\":\"ImageObject\",\"inLanguage\":\"es-CO\",\"@id\":\"https:\\\/\\\/www.acolprof.org\\\/wp-content\\\/plugins\\\/buddypress\\\/bp-core\\\/images\\\/mystery-man.jpg\",\"url\":\"https:\\\/\\\/www.acolprof.org\\\/wp-content\\\/plugins\\\/buddypress\\\/bp-core\\\/images\\\/mystery-man.jpg\",\"contentUrl\":\"https:\\\/\\\/www.acolprof.org\\\/wp-content\\\/plugins\\\/buddypress\\\/bp-core\\\/images\\\/mystery-man.jpg\",\"caption\":\"Lizeth Donoso Herrera\"},\"url\":\"https:\\\/\\\/www.acolprof.org\\\/es_co\\\/membres\\\/lizeth\"}]}<\/script>\n<!-- \/ Yoast SEO plugin. -->","yoast_head_json":{"title":"Vid\u00e9o : ColFLE Webinaire #4 : L\u2019enseignement du fran\u00e7ais en milieu universitaire : d\u00e9fi et tension - Acolprof","robots":{"index":"index","follow":"follow","max-snippet":"max-snippet:-1","max-image-preview":"max-image-preview:large","max-video-preview":"max-video-preview:-1"},"canonical":"https:\/\/www.acolprof.org\/es_co\/video-colfle-webinaire-4-lenseignement-du-francais-en-milieu-universitaire-defi-et-tension\/","og_locale":"es_ES","og_type":"article","og_title":"Vid\u00e9o : ColFLE Webinaire #4 : L\u2019enseignement du fran\u00e7ais en milieu universitaire : d\u00e9fi et tension - Acolprof","og_description":"Dans ce webinaire, nous examinons la place du fran\u00e7ais dans le monde et, principalement, en Colombie. En particulier, nous parlons du r\u00f4le des universit\u00e9s dans la recherche sur l&rsquo;enseignement du fran\u00e7ais dans le contexte colombien et son influence sur les politiques linguistiques et \u00e9ducatives nationales. Nous analysons le r\u00f4le de l&rsquo;Association colombienne des professeurs de fran\u00e7ais dans la promotion de [&hellip;]","og_url":"https:\/\/www.acolprof.org\/es_co\/video-colfle-webinaire-4-lenseignement-du-francais-en-milieu-universitaire-defi-et-tension\/","og_site_name":"Acolprof","article_publisher":"https:\/\/www.facebook.com\/ACOLPROF\/","article_published_time":"2023-08-08T13:09:50+00:00","article_modified_time":"2023-08-08T13:09:53+00:00","author":"Lizeth Donoso Herrera","twitter_card":"summary_large_image","twitter_creator":"@acolprof","twitter_site":"@acolprof","twitter_misc":{"Escrito por":"Lizeth Donoso Herrera","Tiempo de lectura":"1 minuto"},"schema":{"@context":"https:\/\/schema.org","@graph":[{"@type":"Article","@id":"https:\/\/www.acolprof.org\/video-colfle-webinaire-4-lenseignement-du-francais-en-milieu-universitaire-defi-et-tension#article","isPartOf":{"@id":"https:\/\/www.acolprof.org\/video-colfle-webinaire-4-lenseignement-du-francais-en-milieu-universitaire-defi-et-tension"},"author":{"name":"Lizeth Donoso Herrera","@id":"https:\/\/www.acolprof.org\/#\/schema\/person\/32a0de51ca792ee14a3afaffa790a8b7"},"headline":"Vid\u00e9o : ColFLE Webinaire #4 : L\u2019enseignement du fran\u00e7ais en milieu universitaire : d\u00e9fi et tension","datePublished":"2023-08-08T13:09:50+00:00","dateModified":"2023-08-08T13:09:53+00:00","mainEntityOfPage":{"@id":"https:\/\/www.acolprof.org\/video-colfle-webinaire-4-lenseignement-du-francais-en-milieu-universitaire-defi-et-tension"},"wordCount":136,"publisher":{"@id":"https:\/\/www.acolprof.org\/#organization"},"articleSection":["Blog"],"inLanguage":"es-CO"},{"@type":"WebPage","@id":"https:\/\/www.acolprof.org\/video-colfle-webinaire-4-lenseignement-du-francais-en-milieu-universitaire-defi-et-tension","url":"https:\/\/www.acolprof.org\/video-colfle-webinaire-4-lenseignement-du-francais-en-milieu-universitaire-defi-et-tension","name":"Vid\u00e9o : ColFLE Webinaire #4 : L\u2019enseignement du fran\u00e7ais en milieu universitaire : d\u00e9fi et tension - Acolprof","isPartOf":{"@id":"https:\/\/www.acolprof.org\/#website"},"datePublished":"2023-08-08T13:09:50+00:00","dateModified":"2023-08-08T13:09:53+00:00","breadcrumb":{"@id":"https:\/\/www.acolprof.org\/video-colfle-webinaire-4-lenseignement-du-francais-en-milieu-universitaire-defi-et-tension#breadcrumb"},"inLanguage":"es-CO","potentialAction":[{"@type":"ReadAction","target":["https:\/\/www.acolprof.org\/video-colfle-webinaire-4-lenseignement-du-francais-en-milieu-universitaire-defi-et-tension"]}]},{"@type":"BreadcrumbList","@id":"https:\/\/www.acolprof.org\/video-colfle-webinaire-4-lenseignement-du-francais-en-milieu-universitaire-defi-et-tension#breadcrumb","itemListElement":[{"@type":"ListItem","position":1,"name":"Accueil","item":"https:\/\/www.acolprof.org\/"},{"@type":"ListItem","position":2,"name":"Vid\u00e9o : ColFLE Webinaire #4 : L\u2019enseignement du fran\u00e7ais en milieu universitaire : d\u00e9fi et tension"}]},{"@type":"WebSite","@id":"https:\/\/www.acolprof.org\/#website","url":"https:\/\/www.acolprof.org\/","name":"Acolprof","description":"Association Colombienne de professeurs de fran\u00e7ais","publisher":{"@id":"https:\/\/www.acolprof.org\/#organization"},"potentialAction":[{"@type":"SearchAction","target":{"@type":"EntryPoint","urlTemplate":"https:\/\/www.acolprof.org\/?s={search_term_string}"},"query-input":{"@type":"PropertyValueSpecification","valueRequired":true,"valueName":"search_term_string"}}],"inLanguage":"es-CO"},{"@type":"Organization","@id":"https:\/\/www.acolprof.org\/#organization","name":"ACOLPROF","url":"https:\/\/www.acolprof.org\/","logo":{"@type":"ImageObject","inLanguage":"es-CO","@id":"https:\/\/www.acolprof.org\/#\/schema\/logo\/image\/","url":"https:\/\/www.acolprof.org\/wp-content\/uploads\/2022\/01\/logo-Acolprof-site.png","contentUrl":"https:\/\/www.acolprof.org\/wp-content\/uploads\/2022\/01\/logo-Acolprof-site.png","width":350,"height":90,"caption":"ACOLPROF"},"image":{"@id":"https:\/\/www.acolprof.org\/#\/schema\/logo\/image\/"},"sameAs":["https:\/\/www.facebook.com\/ACOLPROF\/","https:\/\/x.com\/acolprof"]},{"@type":"Person","@id":"https:\/\/www.acolprof.org\/#\/schema\/person\/32a0de51ca792ee14a3afaffa790a8b7","name":"Lizeth Donoso Herrera","image":{"@type":"ImageObject","inLanguage":"es-CO","@id":"https:\/\/www.acolprof.org\/wp-content\/plugins\/buddypress\/bp-core\/images\/mystery-man.jpg","url":"https:\/\/www.acolprof.org\/wp-content\/plugins\/buddypress\/bp-core\/images\/mystery-man.jpg","contentUrl":"https:\/\/www.acolprof.org\/wp-content\/plugins\/buddypress\/bp-core\/images\/mystery-man.jpg","caption":"Lizeth Donoso Herrera"},"url":"https:\/\/www.acolprof.org\/es_co\/membres\/lizeth"}]}},"_links":{"self":[{"href":"https:\/\/www.acolprof.org\/es_co\/wp-json\/wp\/v2\/posts\/15035","targetHints":{"allow":["GET"]}}],"collection":[{"href":"https:\/\/www.acolprof.org\/es_co\/wp-json\/wp\/v2\/posts"}],"about":[{"href":"https:\/\/www.acolprof.org\/es_co\/wp-json\/wp\/v2\/types\/post"}],"author":[{"embeddable":true,"href":"https:\/\/www.acolprof.org\/es_co\/wp-json\/wp\/v2\/users\/73"}],"replies":[{"embeddable":true,"href":"https:\/\/www.acolprof.org\/es_co\/wp-json\/wp\/v2\/comments?post=15035"}],"version-history":[{"count":1,"href":"https:\/\/www.acolprof.org\/es_co\/wp-json\/wp\/v2\/posts\/15035\/revisions"}],"predecessor-version":[{"id":15036,"href":"https:\/\/www.acolprof.org\/es_co\/wp-json\/wp\/v2\/posts\/15035\/revisions\/15036"}],"wp:attachment":[{"href":"https:\/\/www.acolprof.org\/es_co\/wp-json\/wp\/v2\/media?parent=15035"}],"wp:term":[{"taxonomy":"category","embeddable":true,"href":"https:\/\/www.acolprof.org\/es_co\/wp-json\/wp\/v2\/categories?post=15035"},{"taxonomy":"post_tag","embeddable":true,"href":"https:\/\/www.acolprof.org\/es_co\/wp-json\/wp\/v2\/tags?post=15035"}],"curies":[{"name":"wp","href":"https:\/\/api.w.org\/{rel}","templated":true}]}}