{"id":14996,"date":"2023-07-28T15:01:16","date_gmt":"2023-07-28T13:01:16","guid":{"rendered":"https:\/\/www.acolprof.org\/?p=14996"},"modified":"2023-07-28T15:01:22","modified_gmt":"2023-07-28T13:01:22","slug":"xviiieme-congres-latino-americain-des-professeurs-de-francais-xviii-sedifrale","status":"publish","type":"post","link":"https:\/\/www.acolprof.org\/es_co\/xviiieme-congres-latino-americain-des-professeurs-de-francais-xviii-sedifrale","title":{"rendered":"XVIII\u00e8me Congr\u00e8s latino-am\u00e9ricain des professeurs de fran\u00e7ais \u2013 XVIII SEDIFRALE"},"content":{"rendered":"<p>La\u00a0F\u00e9d\u00e9ration Br\u00e9silienne des Professeurs de Fran\u00e7ais (FBPF) s\u2019appuyant sur ses associations du Br\u00e9sil a l\u2019honneur d\u2019accueillir la tenue du XVIII\u00e8me Congr\u00e8s latino-am\u00e9ricain des professeurs de fran\u00e7ais \u2013\u00a0XVIII\u00a0SEDIFRALE, et le premier Congr\u00e8s panam\u00e9ricain des professeurs de fran\u00e7ais de la FIPF. Cette importante r\u00e9union des enseignants et des chercheurs de fran\u00e7ais langue \u00e9trang\u00e8re et de fran\u00e7ais langue seconde aura lieu\u00a0<strong>du 20 au\u00a024\u00a0novembre<\/strong>\u00a0<strong>2023<\/strong>\u00a0\u00e0 Brasilia.<\/p>\n\n\n<div class=\"wp-block-image\">\n<figure class=\"aligncenter size-full\"><img decoding=\"async\" src=\"https:\/\/www.acolprof.org\/wp-content\/uploads\/2023\/07\/sedifrale_dessin-recorte.jpg\" alt=\"\" class=\"wp-image-14998\"\/><\/figure>\n<\/div>\n\n\n<div class=\"wp-block-buttons is-vertical is-content-justification-center is-layout-flex wp-container-core-buttons-is-layout-9a7cdcfd wp-block-buttons-is-layout-flex\">\n<div class=\"wp-block-button is-style-outline is-style-outline--1\"><a class=\"wp-block-button__link has-black-color has-text-color wp-element-button\" href=\"http:\/\/brasilia2023.fipf.org\/\" target=\"_blank\" rel=\"noreferrer noopener\">Plus d&rsquo;information<\/a><\/div>\n\n\n\n<div class=\"wp-block-button is-style-outline is-style-outline--2\"><a class=\"wp-block-button__link has-black-color has-text-color wp-element-button\" href=\"https:\/\/www.acolprof.org\/es_co\/evenement\/xviiieme-congres-latino-americain-des-professeurs-de-francais-xviii-sedifrale\/\" target=\"_blank\" rel=\"noreferrer noopener\">Calendario de eventos<\/a><\/div>\n<\/div>","protected":false},"excerpt":{"rendered":"<p>La\u00a0F\u00e9d\u00e9ration Br\u00e9silienne des Professeurs de Fran\u00e7ais (FBPF) s\u2019appuyant sur ses associations du Br\u00e9sil a l\u2019honneur d\u2019accueillir la tenue du XVIII\u00e8me Congr\u00e8s latino-am\u00e9ricain des professeurs de fran\u00e7ais \u2013\u00a0XVIII\u00a0SEDIFRALE, et le premier Congr\u00e8s panam\u00e9ricain des professeurs de fran\u00e7ais de la FIPF. Cette importante r\u00e9union des enseignants et des chercheurs de fran\u00e7ais langue \u00e9trang\u00e8re et de fran\u00e7ais langue seconde aura lieu\u00a0du 20 au\u00a024\u00a0novembre\u00a02023\u00a0\u00e0 [&hellip;]<\/p>\n","protected":false},"author":73,"featured_media":0,"comment_status":"closed","ping_status":"closed","sticky":false,"template":"","format":"chat","meta":{"_bbp_topic_count":0,"_bbp_reply_count":0,"_bbp_total_topic_count":0,"_bbp_total_reply_count":0,"_bbp_voice_count":0,"_bbp_anonymous_reply_count":0,"_bbp_topic_count_hidden":0,"_bbp_reply_count_hidden":0,"_bbp_forum_subforum_count":0,"footnotes":""},"categories":[29],"tags":[],"class_list":["post-14996","post","type-post","status-publish","format-chat","hentry","category-blog","post_format-post-format-chat"],"yoast_head":"<!-- This site is optimized with the Yoast SEO plugin v27.5 - https:\/\/yoast.com\/product\/yoast-seo-wordpress\/ -->\n<title>XVIII\u00e8me Congr\u00e8s latino-am\u00e9ricain des professeurs de fran\u00e7ais \u2013 XVIII SEDIFRALE - Acolprof<\/title>\n<meta name=\"robots\" content=\"index, follow, max-snippet:-1, max-image-preview:large, max-video-preview:-1\" \/>\n<link rel=\"canonical\" href=\"https:\/\/www.acolprof.org\/es_co\/xviiieme-congres-latino-americain-des-professeurs-de-francais-xviii-sedifrale\/\" \/>\n<meta property=\"og:locale\" content=\"es_ES\" \/>\n<meta property=\"og:type\" content=\"article\" \/>\n<meta property=\"og:title\" content=\"XVIII\u00e8me Congr\u00e8s latino-am\u00e9ricain des professeurs de fran\u00e7ais \u2013 XVIII SEDIFRALE - Acolprof\" \/>\n<meta property=\"og:description\" content=\"La\u00a0F\u00e9d\u00e9ration Br\u00e9silienne des Professeurs de Fran\u00e7ais (FBPF) s\u2019appuyant sur ses associations du Br\u00e9sil a l\u2019honneur d\u2019accueillir la tenue du XVIII\u00e8me Congr\u00e8s latino-am\u00e9ricain des professeurs de fran\u00e7ais \u2013\u00a0XVIII\u00a0SEDIFRALE, et le premier Congr\u00e8s panam\u00e9ricain des professeurs de fran\u00e7ais de la FIPF. Cette importante r\u00e9union des enseignants et des chercheurs de fran\u00e7ais langue \u00e9trang\u00e8re et de fran\u00e7ais langue seconde aura lieu\u00a0du 20 au\u00a024\u00a0novembre\u00a02023\u00a0\u00e0 [&hellip;]\" \/>\n<meta property=\"og:url\" content=\"https:\/\/www.acolprof.org\/es_co\/xviiieme-congres-latino-americain-des-professeurs-de-francais-xviii-sedifrale\/\" \/>\n<meta property=\"og:site_name\" content=\"Acolprof\" \/>\n<meta property=\"article:publisher\" content=\"https:\/\/www.facebook.com\/ACOLPROF\/\" \/>\n<meta property=\"article:published_time\" content=\"2023-07-28T13:01:16+00:00\" \/>\n<meta property=\"article:modified_time\" content=\"2023-07-28T13:01:22+00:00\" \/>\n<meta property=\"og:image\" content=\"https:\/\/www.acolprof.org\/wp-content\/uploads\/2023\/07\/sedifrale_dessin-recorte.jpg\" \/>\n<meta name=\"author\" content=\"Lizeth Donoso Herrera\" \/>\n<meta name=\"twitter:card\" content=\"summary_large_image\" \/>\n<meta name=\"twitter:creator\" content=\"@acolprof\" \/>\n<meta name=\"twitter:site\" content=\"@acolprof\" \/>\n<meta name=\"twitter:label1\" content=\"Escrito por\" \/>\n\t<meta name=\"twitter:data1\" content=\"Lizeth Donoso Herrera\" \/>\n\t<meta name=\"twitter:label2\" content=\"Tiempo de lectura\" \/>\n\t<meta name=\"twitter:data2\" content=\"1 minuto\" \/>\n<script type=\"application\/ld+json\" class=\"yoast-schema-graph\">{\"@context\":\"https:\\\/\\\/schema.org\",\"@graph\":[{\"@type\":\"Article\",\"@id\":\"https:\\\/\\\/www.acolprof.org\\\/xviiieme-congres-latino-americain-des-professeurs-de-francais-xviii-sedifrale#article\",\"isPartOf\":{\"@id\":\"https:\\\/\\\/www.acolprof.org\\\/xviiieme-congres-latino-americain-des-professeurs-de-francais-xviii-sedifrale\"},\"author\":{\"name\":\"Lizeth Donoso Herrera\",\"@id\":\"https:\\\/\\\/www.acolprof.org\\\/#\\\/schema\\\/person\\\/32a0de51ca792ee14a3afaffa790a8b7\"},\"headline\":\"XVIII\u00e8me Congr\u00e8s latino-am\u00e9ricain des professeurs de fran\u00e7ais \u2013 XVIII SEDIFRALE\",\"datePublished\":\"2023-07-28T13:01:16+00:00\",\"dateModified\":\"2023-07-28T13:01:22+00:00\",\"mainEntityOfPage\":{\"@id\":\"https:\\\/\\\/www.acolprof.org\\\/xviiieme-congres-latino-americain-des-professeurs-de-francais-xviii-sedifrale\"},\"wordCount\":102,\"publisher\":{\"@id\":\"https:\\\/\\\/www.acolprof.org\\\/#organization\"},\"image\":{\"@id\":\"https:\\\/\\\/www.acolprof.org\\\/xviiieme-congres-latino-americain-des-professeurs-de-francais-xviii-sedifrale#primaryimage\"},\"thumbnailUrl\":\"https:\\\/\\\/www.acolprof.org\\\/wp-content\\\/uploads\\\/2023\\\/07\\\/sedifrale_dessin-recorte.jpg\",\"articleSection\":[\"Blog\"],\"inLanguage\":\"es-CO\"},{\"@type\":\"WebPage\",\"@id\":\"https:\\\/\\\/www.acolprof.org\\\/xviiieme-congres-latino-americain-des-professeurs-de-francais-xviii-sedifrale\",\"url\":\"https:\\\/\\\/www.acolprof.org\\\/xviiieme-congres-latino-americain-des-professeurs-de-francais-xviii-sedifrale\",\"name\":\"XVIII\u00e8me Congr\u00e8s latino-am\u00e9ricain des professeurs de fran\u00e7ais \u2013 XVIII SEDIFRALE - Acolprof\",\"isPartOf\":{\"@id\":\"https:\\\/\\\/www.acolprof.org\\\/#website\"},\"primaryImageOfPage\":{\"@id\":\"https:\\\/\\\/www.acolprof.org\\\/xviiieme-congres-latino-americain-des-professeurs-de-francais-xviii-sedifrale#primaryimage\"},\"image\":{\"@id\":\"https:\\\/\\\/www.acolprof.org\\\/xviiieme-congres-latino-americain-des-professeurs-de-francais-xviii-sedifrale#primaryimage\"},\"thumbnailUrl\":\"https:\\\/\\\/www.acolprof.org\\\/wp-content\\\/uploads\\\/2023\\\/07\\\/sedifrale_dessin-recorte.jpg\",\"datePublished\":\"2023-07-28T13:01:16+00:00\",\"dateModified\":\"2023-07-28T13:01:22+00:00\",\"breadcrumb\":{\"@id\":\"https:\\\/\\\/www.acolprof.org\\\/xviiieme-congres-latino-americain-des-professeurs-de-francais-xviii-sedifrale#breadcrumb\"},\"inLanguage\":\"es-CO\",\"potentialAction\":[{\"@type\":\"ReadAction\",\"target\":[\"https:\\\/\\\/www.acolprof.org\\\/xviiieme-congres-latino-americain-des-professeurs-de-francais-xviii-sedifrale\"]}]},{\"@type\":\"ImageObject\",\"inLanguage\":\"es-CO\",\"@id\":\"https:\\\/\\\/www.acolprof.org\\\/xviiieme-congres-latino-americain-des-professeurs-de-francais-xviii-sedifrale#primaryimage\",\"url\":\"https:\\\/\\\/www.acolprof.org\\\/wp-content\\\/uploads\\\/2023\\\/07\\\/sedifrale_dessin-recorte.jpg\",\"contentUrl\":\"https:\\\/\\\/www.acolprof.org\\\/wp-content\\\/uploads\\\/2023\\\/07\\\/sedifrale_dessin-recorte.jpg\"},{\"@type\":\"BreadcrumbList\",\"@id\":\"https:\\\/\\\/www.acolprof.org\\\/xviiieme-congres-latino-americain-des-professeurs-de-francais-xviii-sedifrale#breadcrumb\",\"itemListElement\":[{\"@type\":\"ListItem\",\"position\":1,\"name\":\"Accueil\",\"item\":\"https:\\\/\\\/www.acolprof.org\\\/\"},{\"@type\":\"ListItem\",\"position\":2,\"name\":\"XVIII\u00e8me Congr\u00e8s latino-am\u00e9ricain des professeurs de fran\u00e7ais \u2013 XVIII SEDIFRALE\"}]},{\"@type\":\"WebSite\",\"@id\":\"https:\\\/\\\/www.acolprof.org\\\/#website\",\"url\":\"https:\\\/\\\/www.acolprof.org\\\/\",\"name\":\"Acolprof\",\"description\":\"Association Colombienne de professeurs de fran\u00e7ais\",\"publisher\":{\"@id\":\"https:\\\/\\\/www.acolprof.org\\\/#organization\"},\"potentialAction\":[{\"@type\":\"SearchAction\",\"target\":{\"@type\":\"EntryPoint\",\"urlTemplate\":\"https:\\\/\\\/www.acolprof.org\\\/?s={search_term_string}\"},\"query-input\":{\"@type\":\"PropertyValueSpecification\",\"valueRequired\":true,\"valueName\":\"search_term_string\"}}],\"inLanguage\":\"es-CO\"},{\"@type\":\"Organization\",\"@id\":\"https:\\\/\\\/www.acolprof.org\\\/#organization\",\"name\":\"ACOLPROF\",\"url\":\"https:\\\/\\\/www.acolprof.org\\\/\",\"logo\":{\"@type\":\"ImageObject\",\"inLanguage\":\"es-CO\",\"@id\":\"https:\\\/\\\/www.acolprof.org\\\/#\\\/schema\\\/logo\\\/image\\\/\",\"url\":\"https:\\\/\\\/www.acolprof.org\\\/wp-content\\\/uploads\\\/2022\\\/01\\\/logo-Acolprof-site.png\",\"contentUrl\":\"https:\\\/\\\/www.acolprof.org\\\/wp-content\\\/uploads\\\/2022\\\/01\\\/logo-Acolprof-site.png\",\"width\":350,\"height\":90,\"caption\":\"ACOLPROF\"},\"image\":{\"@id\":\"https:\\\/\\\/www.acolprof.org\\\/#\\\/schema\\\/logo\\\/image\\\/\"},\"sameAs\":[\"https:\\\/\\\/www.facebook.com\\\/ACOLPROF\\\/\",\"https:\\\/\\\/x.com\\\/acolprof\"]},{\"@type\":\"Person\",\"@id\":\"https:\\\/\\\/www.acolprof.org\\\/#\\\/schema\\\/person\\\/32a0de51ca792ee14a3afaffa790a8b7\",\"name\":\"Lizeth Donoso Herrera\",\"image\":{\"@type\":\"ImageObject\",\"inLanguage\":\"es-CO\",\"@id\":\"https:\\\/\\\/www.acolprof.org\\\/wp-content\\\/plugins\\\/buddypress\\\/bp-core\\\/images\\\/mystery-man.jpg\",\"url\":\"https:\\\/\\\/www.acolprof.org\\\/wp-content\\\/plugins\\\/buddypress\\\/bp-core\\\/images\\\/mystery-man.jpg\",\"contentUrl\":\"https:\\\/\\\/www.acolprof.org\\\/wp-content\\\/plugins\\\/buddypress\\\/bp-core\\\/images\\\/mystery-man.jpg\",\"caption\":\"Lizeth Donoso Herrera\"},\"url\":\"https:\\\/\\\/www.acolprof.org\\\/es_co\\\/membres\\\/lizeth\"}]}<\/script>\n<!-- \/ Yoast SEO plugin. -->","yoast_head_json":{"title":"XVIII\u00e8me Congr\u00e8s latino-am\u00e9ricain des professeurs de fran\u00e7ais \u2013 XVIII SEDIFRALE - Acolprof","robots":{"index":"index","follow":"follow","max-snippet":"max-snippet:-1","max-image-preview":"max-image-preview:large","max-video-preview":"max-video-preview:-1"},"canonical":"https:\/\/www.acolprof.org\/es_co\/xviiieme-congres-latino-americain-des-professeurs-de-francais-xviii-sedifrale\/","og_locale":"es_ES","og_type":"article","og_title":"XVIII\u00e8me Congr\u00e8s latino-am\u00e9ricain des professeurs de fran\u00e7ais \u2013 XVIII SEDIFRALE - Acolprof","og_description":"La\u00a0F\u00e9d\u00e9ration Br\u00e9silienne des Professeurs de Fran\u00e7ais (FBPF) s\u2019appuyant sur ses associations du Br\u00e9sil a l\u2019honneur d\u2019accueillir la tenue du XVIII\u00e8me Congr\u00e8s latino-am\u00e9ricain des professeurs de fran\u00e7ais \u2013\u00a0XVIII\u00a0SEDIFRALE, et le premier Congr\u00e8s panam\u00e9ricain des professeurs de fran\u00e7ais de la FIPF. Cette importante r\u00e9union des enseignants et des chercheurs de fran\u00e7ais langue \u00e9trang\u00e8re et de fran\u00e7ais langue seconde aura lieu\u00a0du 20 au\u00a024\u00a0novembre\u00a02023\u00a0\u00e0 [&hellip;]","og_url":"https:\/\/www.acolprof.org\/es_co\/xviiieme-congres-latino-americain-des-professeurs-de-francais-xviii-sedifrale\/","og_site_name":"Acolprof","article_publisher":"https:\/\/www.facebook.com\/ACOLPROF\/","article_published_time":"2023-07-28T13:01:16+00:00","article_modified_time":"2023-07-28T13:01:22+00:00","og_image":[{"url":"https:\/\/www.acolprof.org\/wp-content\/uploads\/2023\/07\/sedifrale_dessin-recorte.jpg","type":"","width":"","height":""}],"author":"Lizeth Donoso Herrera","twitter_card":"summary_large_image","twitter_creator":"@acolprof","twitter_site":"@acolprof","twitter_misc":{"Escrito por":"Lizeth Donoso Herrera","Tiempo de lectura":"1 minuto"},"schema":{"@context":"https:\/\/schema.org","@graph":[{"@type":"Article","@id":"https:\/\/www.acolprof.org\/xviiieme-congres-latino-americain-des-professeurs-de-francais-xviii-sedifrale#article","isPartOf":{"@id":"https:\/\/www.acolprof.org\/xviiieme-congres-latino-americain-des-professeurs-de-francais-xviii-sedifrale"},"author":{"name":"Lizeth Donoso Herrera","@id":"https:\/\/www.acolprof.org\/#\/schema\/person\/32a0de51ca792ee14a3afaffa790a8b7"},"headline":"XVIII\u00e8me Congr\u00e8s latino-am\u00e9ricain des professeurs de fran\u00e7ais \u2013 XVIII SEDIFRALE","datePublished":"2023-07-28T13:01:16+00:00","dateModified":"2023-07-28T13:01:22+00:00","mainEntityOfPage":{"@id":"https:\/\/www.acolprof.org\/xviiieme-congres-latino-americain-des-professeurs-de-francais-xviii-sedifrale"},"wordCount":102,"publisher":{"@id":"https:\/\/www.acolprof.org\/#organization"},"image":{"@id":"https:\/\/www.acolprof.org\/xviiieme-congres-latino-americain-des-professeurs-de-francais-xviii-sedifrale#primaryimage"},"thumbnailUrl":"https:\/\/www.acolprof.org\/wp-content\/uploads\/2023\/07\/sedifrale_dessin-recorte.jpg","articleSection":["Blog"],"inLanguage":"es-CO"},{"@type":"WebPage","@id":"https:\/\/www.acolprof.org\/xviiieme-congres-latino-americain-des-professeurs-de-francais-xviii-sedifrale","url":"https:\/\/www.acolprof.org\/xviiieme-congres-latino-americain-des-professeurs-de-francais-xviii-sedifrale","name":"XVIII\u00e8me Congr\u00e8s latino-am\u00e9ricain des professeurs de fran\u00e7ais \u2013 XVIII SEDIFRALE - Acolprof","isPartOf":{"@id":"https:\/\/www.acolprof.org\/#website"},"primaryImageOfPage":{"@id":"https:\/\/www.acolprof.org\/xviiieme-congres-latino-americain-des-professeurs-de-francais-xviii-sedifrale#primaryimage"},"image":{"@id":"https:\/\/www.acolprof.org\/xviiieme-congres-latino-americain-des-professeurs-de-francais-xviii-sedifrale#primaryimage"},"thumbnailUrl":"https:\/\/www.acolprof.org\/wp-content\/uploads\/2023\/07\/sedifrale_dessin-recorte.jpg","datePublished":"2023-07-28T13:01:16+00:00","dateModified":"2023-07-28T13:01:22+00:00","breadcrumb":{"@id":"https:\/\/www.acolprof.org\/xviiieme-congres-latino-americain-des-professeurs-de-francais-xviii-sedifrale#breadcrumb"},"inLanguage":"es-CO","potentialAction":[{"@type":"ReadAction","target":["https:\/\/www.acolprof.org\/xviiieme-congres-latino-americain-des-professeurs-de-francais-xviii-sedifrale"]}]},{"@type":"ImageObject","inLanguage":"es-CO","@id":"https:\/\/www.acolprof.org\/xviiieme-congres-latino-americain-des-professeurs-de-francais-xviii-sedifrale#primaryimage","url":"https:\/\/www.acolprof.org\/wp-content\/uploads\/2023\/07\/sedifrale_dessin-recorte.jpg","contentUrl":"https:\/\/www.acolprof.org\/wp-content\/uploads\/2023\/07\/sedifrale_dessin-recorte.jpg"},{"@type":"BreadcrumbList","@id":"https:\/\/www.acolprof.org\/xviiieme-congres-latino-americain-des-professeurs-de-francais-xviii-sedifrale#breadcrumb","itemListElement":[{"@type":"ListItem","position":1,"name":"Accueil","item":"https:\/\/www.acolprof.org\/"},{"@type":"ListItem","position":2,"name":"XVIII\u00e8me Congr\u00e8s latino-am\u00e9ricain des professeurs de fran\u00e7ais \u2013 XVIII SEDIFRALE"}]},{"@type":"WebSite","@id":"https:\/\/www.acolprof.org\/#website","url":"https:\/\/www.acolprof.org\/","name":"Acolprof","description":"Association Colombienne de professeurs de fran\u00e7ais","publisher":{"@id":"https:\/\/www.acolprof.org\/#organization"},"potentialAction":[{"@type":"SearchAction","target":{"@type":"EntryPoint","urlTemplate":"https:\/\/www.acolprof.org\/?s={search_term_string}"},"query-input":{"@type":"PropertyValueSpecification","valueRequired":true,"valueName":"search_term_string"}}],"inLanguage":"es-CO"},{"@type":"Organization","@id":"https:\/\/www.acolprof.org\/#organization","name":"ACOLPROF","url":"https:\/\/www.acolprof.org\/","logo":{"@type":"ImageObject","inLanguage":"es-CO","@id":"https:\/\/www.acolprof.org\/#\/schema\/logo\/image\/","url":"https:\/\/www.acolprof.org\/wp-content\/uploads\/2022\/01\/logo-Acolprof-site.png","contentUrl":"https:\/\/www.acolprof.org\/wp-content\/uploads\/2022\/01\/logo-Acolprof-site.png","width":350,"height":90,"caption":"ACOLPROF"},"image":{"@id":"https:\/\/www.acolprof.org\/#\/schema\/logo\/image\/"},"sameAs":["https:\/\/www.facebook.com\/ACOLPROF\/","https:\/\/x.com\/acolprof"]},{"@type":"Person","@id":"https:\/\/www.acolprof.org\/#\/schema\/person\/32a0de51ca792ee14a3afaffa790a8b7","name":"Lizeth Donoso Herrera","image":{"@type":"ImageObject","inLanguage":"es-CO","@id":"https:\/\/www.acolprof.org\/wp-content\/plugins\/buddypress\/bp-core\/images\/mystery-man.jpg","url":"https:\/\/www.acolprof.org\/wp-content\/plugins\/buddypress\/bp-core\/images\/mystery-man.jpg","contentUrl":"https:\/\/www.acolprof.org\/wp-content\/plugins\/buddypress\/bp-core\/images\/mystery-man.jpg","caption":"Lizeth Donoso Herrera"},"url":"https:\/\/www.acolprof.org\/es_co\/membres\/lizeth"}]}},"_links":{"self":[{"href":"https:\/\/www.acolprof.org\/es_co\/wp-json\/wp\/v2\/posts\/14996","targetHints":{"allow":["GET"]}}],"collection":[{"href":"https:\/\/www.acolprof.org\/es_co\/wp-json\/wp\/v2\/posts"}],"about":[{"href":"https:\/\/www.acolprof.org\/es_co\/wp-json\/wp\/v2\/types\/post"}],"author":[{"embeddable":true,"href":"https:\/\/www.acolprof.org\/es_co\/wp-json\/wp\/v2\/users\/73"}],"replies":[{"embeddable":true,"href":"https:\/\/www.acolprof.org\/es_co\/wp-json\/wp\/v2\/comments?post=14996"}],"version-history":[{"count":2,"href":"https:\/\/www.acolprof.org\/es_co\/wp-json\/wp\/v2\/posts\/14996\/revisions"}],"predecessor-version":[{"id":15000,"href":"https:\/\/www.acolprof.org\/es_co\/wp-json\/wp\/v2\/posts\/14996\/revisions\/15000"}],"wp:attachment":[{"href":"https:\/\/www.acolprof.org\/es_co\/wp-json\/wp\/v2\/media?parent=14996"}],"wp:term":[{"taxonomy":"category","embeddable":true,"href":"https:\/\/www.acolprof.org\/es_co\/wp-json\/wp\/v2\/categories?post=14996"},{"taxonomy":"post_tag","embeddable":true,"href":"https:\/\/www.acolprof.org\/es_co\/wp-json\/wp\/v2\/tags?post=14996"}],"curies":[{"name":"wp","href":"https:\/\/api.w.org\/{rel}","templated":true}]}}