{"id":14311,"date":"2022-07-18T10:58:32","date_gmt":"2022-07-18T08:58:32","guid":{"rendered":"https:\/\/www.acolprof.org\/?p=14311"},"modified":"2022-07-24T14:17:44","modified_gmt":"2022-07-24T12:17:44","slug":"xxvii-congres-national-des-professeurs-de-francais-acolprof-colombie-2022","status":"publish","type":"post","link":"https:\/\/www.acolprof.org\/es_co\/xxvii-congres-national-des-professeurs-de-francais-acolprof-colombie-2022","title":{"rendered":"XXVII Congreso Nacional de Profesores de Franc\u00e9s \u2013 Acolprof Colombia 2022"},"content":{"rendered":"<div data-elementor-type=\"wp-post\" data-elementor-id=\"14311\" class=\"elementor elementor-14311\" data-elementor-post-type=\"post\">\n\t\t\t\t\t\t<section class=\"elementor-section elementor-top-section elementor-element elementor-element-57a55ee elementor-section-boxed elementor-section-height-default elementor-section-height-default\" data-id=\"57a55ee\" data-element_type=\"section\" data-e-type=\"section\">\n\t\t\t\t\t\t<div class=\"elementor-container elementor-column-gap-default\">\n\t\t\t\t\t<div class=\"elementor-column elementor-col-100 elementor-top-column elementor-element elementor-element-fad51e9\" data-id=\"fad51e9\" data-element_type=\"column\" data-e-type=\"column\">\n\t\t\t<div class=\"elementor-widget-wrap\">\n\t\t\t\t\t\t\t<\/div>\n\t\t<\/div>\n\t\t\t\t\t<\/div>\n\t\t<\/section>\n\t\t\t\t<section class=\"elementor-section elementor-top-section elementor-element elementor-element-f1936b8 elementor-section-boxed elementor-section-height-default elementor-section-height-default\" data-id=\"f1936b8\" data-element_type=\"section\" data-e-type=\"section\">\n\t\t\t\t\t\t<div class=\"elementor-container elementor-column-gap-default\">\n\t\t\t\t\t<div class=\"elementor-column elementor-col-100 elementor-top-column elementor-element elementor-element-0f570a7\" data-id=\"0f570a7\" data-element_type=\"column\" data-e-type=\"column\">\n\t\t\t<div class=\"elementor-widget-wrap elementor-element-populated\">\n\t\t\t\t\t\t<section class=\"elementor-section elementor-inner-section elementor-element elementor-element-58b1934 elementor-section-boxed elementor-section-height-default elementor-section-height-default\" data-id=\"58b1934\" data-element_type=\"section\" data-e-type=\"section\">\n\t\t\t\t\t\t<div class=\"elementor-container elementor-column-gap-default\">\n\t\t\t\t\t<div class=\"elementor-column elementor-col-100 elementor-inner-column elementor-element elementor-element-c720677\" data-id=\"c720677\" data-element_type=\"column\" data-e-type=\"column\">\n\t\t\t<div class=\"elementor-widget-wrap elementor-element-populated\">\n\t\t\t\t\t\t<div class=\"elementor-element elementor-element-d606512 elementor-widget elementor-widget-text-editor\" data-id=\"d606512\" data-element_type=\"widget\" data-e-type=\"widget\" data-widget_type=\"text-editor.default\">\n\t\t\t\t<div class=\"elementor-widget-container\">\n\t\t\t\t\t\t\t\t\t<p><span style=\"color: #8b0200;\"><strong>Membres\u00eda Institucional<\/strong><\/span> : Convi\u00e9rtase en miembro y socio del XXVII Congreso<br \/>Nacional de profesores de franc\u00e9s. Resalta tu instituci\u00f3n e invita a tus<br \/>profesores suscritos al Congreso.<\/p><p><span style=\"color: #8b0200;\"><strong>Membres\u00eda individual<\/strong><\/span> : Este a\u00f1o, los socios tienen entrada gratuita al XXVII<br \/>Congreso Nacional de Profesores de Franc\u00e9s. Es hora de disfrutar de un<br \/>suscripci\u00f3n anual a ACOLPROF con sus beneficios y trabajando juntos para<br \/>\u00a1Franc\u00e9s y sus profesores!<\/p><p>Acuerdo con el diario de <strong>la Federaci\u00f3n Internacional de Profesores de<\/strong><br \/><strong>Franc\u00e9s<\/strong> FIPF<br \/>Ahora tienes la opci\u00f3n de suscribirte a ACOLPROF y a la revista <strong>la<\/strong><br \/><strong>franc\u00e9s en el mundo<\/strong> \u00a1al mismo tiempo! Puedes seguir las noticias de<br \/>Franc\u00e9s y aprovecha los recursos educativos.<\/p>\t\t\t\t\t\t\t\t<\/div>\n\t\t\t\t<\/div>\n\t\t\t\t\t<\/div>\n\t\t<\/div>\n\t\t\t\t\t<\/div>\n\t\t<\/section>\n\t\t\t\t\t<\/div>\n\t\t<\/div>\n\t\t\t\t\t<\/div>\n\t\t<\/section>\n\t\t\t\t<section class=\"elementor-section elementor-top-section elementor-element elementor-element-9aefd7d elementor-section-boxed elementor-section-height-default elementor-section-height-default\" data-id=\"9aefd7d\" data-element_type=\"section\" data-e-type=\"section\">\n\t\t\t\t\t\t<div class=\"elementor-container elementor-column-gap-default\">\n\t\t\t\t\t<div class=\"elementor-column elementor-col-50 elementor-top-column elementor-element elementor-element-67e384c\" data-id=\"67e384c\" data-element_type=\"column\" data-e-type=\"column\">\n\t\t\t<div class=\"elementor-widget-wrap elementor-element-populated\">\n\t\t\t\t\t\t<div class=\"elementor-element elementor-element-94efd96 elementor-widget elementor-widget-heading\" data-id=\"94efd96\" data-element_type=\"widget\" data-e-type=\"widget\" data-widget_type=\"heading.default\">\n\t\t\t\t<div class=\"elementor-widget-container\">\n\t\t\t\t\t<h2 class=\"elementor-heading-title elementor-size-default\">Membres\u00eda Institucional:<\/h2>\t\t\t\t<\/div>\n\t\t\t\t<\/div>\n\t\t\t\t<div class=\"elementor-element elementor-element-152e2c8 elementor-view-default elementor-widget elementor-widget-icon\" data-id=\"152e2c8\" data-element_type=\"widget\" data-e-type=\"widget\" data-widget_type=\"icon.default\">\n\t\t\t\t<div class=\"elementor-widget-container\">\n\t\t\t\t\t\t\t<div class=\"elementor-icon-wrapper\">\n\t\t\t<a class=\"elementor-icon\" href=\"https:\/\/www.acolprof.org\/wp-content\/uploads\/2022\/07\/Folleto_inscripcio\u0301n-institucional-1.pdf\" target=\"_blank\" rel=\"nofollow\">\n\t\t\t<i aria-hidden=\"true\" class=\"far fa-file-pdf\"><\/i>\t\t\t<\/a>\n\t\t<\/div>\n\t\t\t\t\t\t<\/div>\n\t\t\t\t<\/div>\n\t\t\t\t\t<\/div>\n\t\t<\/div>\n\t\t\t\t<div class=\"elementor-column elementor-col-50 elementor-top-column elementor-element elementor-element-269a93b\" data-id=\"269a93b\" data-element_type=\"column\" data-e-type=\"column\">\n\t\t\t<div class=\"elementor-widget-wrap elementor-element-populated\">\n\t\t\t\t\t\t<div class=\"elementor-element elementor-element-08f78fe elementor-widget elementor-widget-heading\" data-id=\"08f78fe\" data-element_type=\"widget\" data-e-type=\"widget\" data-widget_type=\"heading.default\">\n\t\t\t\t<div class=\"elementor-widget-container\">\n\t\t\t\t\t<h2 class=\"elementor-heading-title elementor-size-default\">Membres\u00eda individual:<\/h2>\t\t\t\t<\/div>\n\t\t\t\t<\/div>\n\t\t\t\t<div class=\"elementor-element elementor-element-620d02d elementor-view-default elementor-widget elementor-widget-icon\" data-id=\"620d02d\" data-element_type=\"widget\" data-e-type=\"widget\" data-widget_type=\"icon.default\">\n\t\t\t\t<div class=\"elementor-widget-container\">\n\t\t\t\t\t\t\t<div class=\"elementor-icon-wrapper\">\n\t\t\t<a class=\"elementor-icon\" href=\"https:\/\/www.acolprof.org\/wp-content\/uploads\/2022\/07\/Folleto_inscripcio\u0301n-individual.pdf\" target=\"_blank\" rel=\"nofollow\">\n\t\t\t<i aria-hidden=\"true\" class=\"far fa-file-pdf\"><\/i>\t\t\t<\/a>\n\t\t<\/div>\n\t\t\t\t\t\t<\/div>\n\t\t\t\t<\/div>\n\t\t\t\t\t<\/div>\n\t\t<\/div>\n\t\t\t\t\t<\/div>\n\t\t<\/section>\n\t\t\t\t<\/div>","protected":false},"excerpt":{"rendered":"<p>Convi\u00e9rtase en miembro y socio del XXVII Congreso Nacional de Profesores de Franc\u00e9s. Destaca tu instituci\u00f3n\u2026<\/p>","protected":false},"author":1,"featured_media":14313,"comment_status":"open","ping_status":"open","sticky":false,"template":"elementor_theme","format":"standard","meta":{"_bbp_topic_count":0,"_bbp_reply_count":0,"_bbp_total_topic_count":0,"_bbp_total_reply_count":0,"_bbp_voice_count":0,"_bbp_anonymous_reply_count":0,"_bbp_topic_count_hidden":0,"_bbp_reply_count_hidden":0,"_bbp_forum_subforum_count":0,"footnotes":""},"categories":[29],"tags":[],"class_list":["post-14311","post","type-post","status-publish","format-standard","has-post-thumbnail","hentry","category-blog"],"yoast_head":"<!-- This site is optimized with the Yoast SEO plugin v27.4 - https:\/\/yoast.com\/product\/yoast-seo-wordpress\/ -->\n<title>XXVII Congr\u00e8s national des professeurs de fran\u00e7ais \u2013 Acolprof Colombie 2022 - Acolprof<\/title>\n<meta name=\"robots\" content=\"noindex, nofollow\" \/>\n<meta property=\"og:locale\" content=\"es_ES\" \/>\n<meta property=\"og:type\" content=\"article\" \/>\n<meta property=\"og:title\" content=\"XXVII Congr\u00e8s national des professeurs de fran\u00e7ais \u2013 Acolprof Colombie 2022 - Acolprof\" \/>\n<meta property=\"og:description\" content=\"Devenez membre et partenaire du XXVII Congr\u00e8s National de professeurs de fran\u00e7ais. Mettez en relief votre institution...\" \/>\n<meta property=\"og:url\" content=\"https:\/\/www.acolprof.org\/es_co\/xxvii-congres-national-des-professeurs-de-francais-acolprof-colombie-2022\/\" \/>\n<meta property=\"og:site_name\" content=\"Acolprof\" \/>\n<meta property=\"article:publisher\" content=\"https:\/\/www.facebook.com\/ACOLPROF\/\" \/>\n<meta property=\"article:published_time\" content=\"2022-07-18T08:58:32+00:00\" \/>\n<meta property=\"article:modified_time\" content=\"2022-07-24T12:17:44+00:00\" \/>\n<meta property=\"og:image\" content=\"https:\/\/www.acolprof.org\/wp-content\/uploads\/2022\/07\/le-congres-2-e\u0300me-e\u0301dition.jpg\" \/>\n\t<meta property=\"og:image:width\" content=\"1200\" \/>\n\t<meta property=\"og:image:height\" content=\"676\" \/>\n\t<meta property=\"og:image:type\" content=\"image\/jpeg\" \/>\n<meta name=\"author\" content=\"Webmaster\" \/>\n<meta name=\"twitter:card\" content=\"summary_large_image\" \/>\n<meta name=\"twitter:creator\" content=\"@acolprof\" \/>\n<meta name=\"twitter:site\" content=\"@acolprof\" \/>\n<meta name=\"twitter:label1\" content=\"Escrito por\" \/>\n\t<meta name=\"twitter:data1\" content=\"Webmaster\" \/>\n\t<meta name=\"twitter:label2\" content=\"Tiempo de lectura\" \/>\n\t<meta name=\"twitter:data2\" content=\"1 minuto\" \/>\n<script type=\"application\/ld+json\" class=\"yoast-schema-graph\">{\"@context\":\"https:\\\/\\\/schema.org\",\"@graph\":[{\"@type\":\"Article\",\"@id\":\"https:\\\/\\\/www.acolprof.org\\\/xxvii-congres-national-des-professeurs-de-francais-acolprof-colombie-2022#article\",\"isPartOf\":{\"@id\":\"https:\\\/\\\/www.acolprof.org\\\/xxvii-congres-national-des-professeurs-de-francais-acolprof-colombie-2022\"},\"author\":{\"name\":\"Webmaster\",\"@id\":\"https:\\\/\\\/www.acolprof.org\\\/#\\\/schema\\\/person\\\/8d9be2c8d66263bab9ca40a2426587ba\"},\"headline\":\"XXVII Congr\u00e8s national des professeurs de fran\u00e7ais \u2013 Acolprof Colombie 2022\",\"datePublished\":\"2022-07-18T08:58:32+00:00\",\"dateModified\":\"2022-07-24T12:17:44+00:00\",\"mainEntityOfPage\":{\"@id\":\"https:\\\/\\\/www.acolprof.org\\\/xxvii-congres-national-des-professeurs-de-francais-acolprof-colombie-2022\"},\"wordCount\":145,\"commentCount\":0,\"publisher\":{\"@id\":\"https:\\\/\\\/www.acolprof.org\\\/#organization\"},\"image\":{\"@id\":\"https:\\\/\\\/www.acolprof.org\\\/xxvii-congres-national-des-professeurs-de-francais-acolprof-colombie-2022#primaryimage\"},\"thumbnailUrl\":\"https:\\\/\\\/www.acolprof.org\\\/wp-content\\\/uploads\\\/2022\\\/07\\\/le-congres-2-e\u0300me-e\u0301dition.jpg\",\"articleSection\":[\"Blog\"],\"inLanguage\":\"es-CO\"},{\"@type\":\"WebPage\",\"@id\":\"https:\\\/\\\/www.acolprof.org\\\/xxvii-congres-national-des-professeurs-de-francais-acolprof-colombie-2022\",\"url\":\"https:\\\/\\\/www.acolprof.org\\\/xxvii-congres-national-des-professeurs-de-francais-acolprof-colombie-2022\",\"name\":\"XXVII Congr\u00e8s national des professeurs de fran\u00e7ais \u2013 Acolprof Colombie 2022 - Acolprof\",\"isPartOf\":{\"@id\":\"https:\\\/\\\/www.acolprof.org\\\/#website\"},\"primaryImageOfPage\":{\"@id\":\"https:\\\/\\\/www.acolprof.org\\\/xxvii-congres-national-des-professeurs-de-francais-acolprof-colombie-2022#primaryimage\"},\"image\":{\"@id\":\"https:\\\/\\\/www.acolprof.org\\\/xxvii-congres-national-des-professeurs-de-francais-acolprof-colombie-2022#primaryimage\"},\"thumbnailUrl\":\"https:\\\/\\\/www.acolprof.org\\\/wp-content\\\/uploads\\\/2022\\\/07\\\/le-congres-2-e\u0300me-e\u0301dition.jpg\",\"datePublished\":\"2022-07-18T08:58:32+00:00\",\"dateModified\":\"2022-07-24T12:17:44+00:00\",\"breadcrumb\":{\"@id\":\"https:\\\/\\\/www.acolprof.org\\\/xxvii-congres-national-des-professeurs-de-francais-acolprof-colombie-2022#breadcrumb\"},\"inLanguage\":\"es-CO\",\"potentialAction\":[{\"@type\":\"ReadAction\",\"target\":[\"https:\\\/\\\/www.acolprof.org\\\/xxvii-congres-national-des-professeurs-de-francais-acolprof-colombie-2022\"]}]},{\"@type\":\"ImageObject\",\"inLanguage\":\"es-CO\",\"@id\":\"https:\\\/\\\/www.acolprof.org\\\/xxvii-congres-national-des-professeurs-de-francais-acolprof-colombie-2022#primaryimage\",\"url\":\"https:\\\/\\\/www.acolprof.org\\\/wp-content\\\/uploads\\\/2022\\\/07\\\/le-congres-2-e\u0300me-e\u0301dition.jpg\",\"contentUrl\":\"https:\\\/\\\/www.acolprof.org\\\/wp-content\\\/uploads\\\/2022\\\/07\\\/le-congres-2-e\u0300me-e\u0301dition.jpg\",\"width\":1200,\"height\":676,\"caption\":\"Congr\u00e8s national. - 2\u00e8me \u00c9dition\"},{\"@type\":\"BreadcrumbList\",\"@id\":\"https:\\\/\\\/www.acolprof.org\\\/xxvii-congres-national-des-professeurs-de-francais-acolprof-colombie-2022#breadcrumb\",\"itemListElement\":[{\"@type\":\"ListItem\",\"position\":1,\"name\":\"Accueil\",\"item\":\"https:\\\/\\\/www.acolprof.org\\\/\"},{\"@type\":\"ListItem\",\"position\":2,\"name\":\"XXVII Congr\u00e8s national des professeurs de fran\u00e7ais \u2013 Acolprof Colombie 2022\"}]},{\"@type\":\"WebSite\",\"@id\":\"https:\\\/\\\/www.acolprof.org\\\/#website\",\"url\":\"https:\\\/\\\/www.acolprof.org\\\/\",\"name\":\"Acolprof\",\"description\":\"Association Colombienne de professeurs de fran\u00e7ais\",\"publisher\":{\"@id\":\"https:\\\/\\\/www.acolprof.org\\\/#organization\"},\"potentialAction\":[{\"@type\":\"SearchAction\",\"target\":{\"@type\":\"EntryPoint\",\"urlTemplate\":\"https:\\\/\\\/www.acolprof.org\\\/?s={search_term_string}\"},\"query-input\":{\"@type\":\"PropertyValueSpecification\",\"valueRequired\":true,\"valueName\":\"search_term_string\"}}],\"inLanguage\":\"es-CO\"},{\"@type\":\"Organization\",\"@id\":\"https:\\\/\\\/www.acolprof.org\\\/#organization\",\"name\":\"ACOLPROF\",\"url\":\"https:\\\/\\\/www.acolprof.org\\\/\",\"logo\":{\"@type\":\"ImageObject\",\"inLanguage\":\"es-CO\",\"@id\":\"https:\\\/\\\/www.acolprof.org\\\/#\\\/schema\\\/logo\\\/image\\\/\",\"url\":\"https:\\\/\\\/www.acolprof.org\\\/wp-content\\\/uploads\\\/2022\\\/01\\\/logo-Acolprof-site.png\",\"contentUrl\":\"https:\\\/\\\/www.acolprof.org\\\/wp-content\\\/uploads\\\/2022\\\/01\\\/logo-Acolprof-site.png\",\"width\":350,\"height\":90,\"caption\":\"ACOLPROF\"},\"image\":{\"@id\":\"https:\\\/\\\/www.acolprof.org\\\/#\\\/schema\\\/logo\\\/image\\\/\"},\"sameAs\":[\"https:\\\/\\\/www.facebook.com\\\/ACOLPROF\\\/\",\"https:\\\/\\\/x.com\\\/acolprof\"]},{\"@type\":\"Person\",\"@id\":\"https:\\\/\\\/www.acolprof.org\\\/#\\\/schema\\\/person\\\/8d9be2c8d66263bab9ca40a2426587ba\",\"name\":\"Webmaster\",\"image\":{\"@type\":\"ImageObject\",\"inLanguage\":\"es-CO\",\"@id\":\"https:\\\/\\\/www.acolprof.org\\\/wp-content\\\/uploads\\\/avatars\\\/1\\\/1643196536-bpfull.jpg\",\"url\":\"https:\\\/\\\/www.acolprof.org\\\/wp-content\\\/uploads\\\/avatars\\\/1\\\/1643196536-bpfull.jpg\",\"contentUrl\":\"https:\\\/\\\/www.acolprof.org\\\/wp-content\\\/uploads\\\/avatars\\\/1\\\/1643196536-bpfull.jpg\",\"caption\":\"Webmaster\"},\"sameAs\":[\"https:\\\/\\\/www.acolprof.org\"],\"url\":\"https:\\\/\\\/www.acolprof.org\\\/es_co\\\/membres\\\/airvay\"}]}<\/script>\n<!-- \/ Yoast SEO plugin. -->","yoast_head_json":{"title":"XXVII Congr\u00e8s national des professeurs de fran\u00e7ais \u2013 Acolprof Colombie 2022 - Acolprof","robots":{"index":"noindex","follow":"nofollow"},"og_locale":"es_ES","og_type":"article","og_title":"XXVII Congr\u00e8s national des professeurs de fran\u00e7ais \u2013 Acolprof Colombie 2022 - Acolprof","og_description":"Devenez membre et partenaire du XXVII Congr\u00e8s National de professeurs de fran\u00e7ais. Mettez en relief votre institution...","og_url":"https:\/\/www.acolprof.org\/es_co\/xxvii-congres-national-des-professeurs-de-francais-acolprof-colombie-2022\/","og_site_name":"Acolprof","article_publisher":"https:\/\/www.facebook.com\/ACOLPROF\/","article_published_time":"2022-07-18T08:58:32+00:00","article_modified_time":"2022-07-24T12:17:44+00:00","og_image":[{"width":1200,"height":676,"url":"https:\/\/www.acolprof.org\/wp-content\/uploads\/2022\/07\/le-congres-2-e\u0300me-e\u0301dition.jpg","type":"image\/jpeg"}],"author":"Webmaster","twitter_card":"summary_large_image","twitter_creator":"@acolprof","twitter_site":"@acolprof","twitter_misc":{"Escrito por":"Webmaster","Tiempo de lectura":"1 minuto"},"schema":{"@context":"https:\/\/schema.org","@graph":[{"@type":"Article","@id":"https:\/\/www.acolprof.org\/xxvii-congres-national-des-professeurs-de-francais-acolprof-colombie-2022#article","isPartOf":{"@id":"https:\/\/www.acolprof.org\/xxvii-congres-national-des-professeurs-de-francais-acolprof-colombie-2022"},"author":{"name":"Webmaster","@id":"https:\/\/www.acolprof.org\/#\/schema\/person\/8d9be2c8d66263bab9ca40a2426587ba"},"headline":"XXVII Congr\u00e8s national des professeurs de fran\u00e7ais \u2013 Acolprof Colombie 2022","datePublished":"2022-07-18T08:58:32+00:00","dateModified":"2022-07-24T12:17:44+00:00","mainEntityOfPage":{"@id":"https:\/\/www.acolprof.org\/xxvii-congres-national-des-professeurs-de-francais-acolprof-colombie-2022"},"wordCount":145,"commentCount":0,"publisher":{"@id":"https:\/\/www.acolprof.org\/#organization"},"image":{"@id":"https:\/\/www.acolprof.org\/xxvii-congres-national-des-professeurs-de-francais-acolprof-colombie-2022#primaryimage"},"thumbnailUrl":"https:\/\/www.acolprof.org\/wp-content\/uploads\/2022\/07\/le-congres-2-e\u0300me-e\u0301dition.jpg","articleSection":["Blog"],"inLanguage":"es-CO"},{"@type":"WebPage","@id":"https:\/\/www.acolprof.org\/xxvii-congres-national-des-professeurs-de-francais-acolprof-colombie-2022","url":"https:\/\/www.acolprof.org\/xxvii-congres-national-des-professeurs-de-francais-acolprof-colombie-2022","name":"XXVII Congr\u00e8s national des professeurs de fran\u00e7ais \u2013 Acolprof Colombie 2022 - Acolprof","isPartOf":{"@id":"https:\/\/www.acolprof.org\/#website"},"primaryImageOfPage":{"@id":"https:\/\/www.acolprof.org\/xxvii-congres-national-des-professeurs-de-francais-acolprof-colombie-2022#primaryimage"},"image":{"@id":"https:\/\/www.acolprof.org\/xxvii-congres-national-des-professeurs-de-francais-acolprof-colombie-2022#primaryimage"},"thumbnailUrl":"https:\/\/www.acolprof.org\/wp-content\/uploads\/2022\/07\/le-congres-2-e\u0300me-e\u0301dition.jpg","datePublished":"2022-07-18T08:58:32+00:00","dateModified":"2022-07-24T12:17:44+00:00","breadcrumb":{"@id":"https:\/\/www.acolprof.org\/xxvii-congres-national-des-professeurs-de-francais-acolprof-colombie-2022#breadcrumb"},"inLanguage":"es-CO","potentialAction":[{"@type":"ReadAction","target":["https:\/\/www.acolprof.org\/xxvii-congres-national-des-professeurs-de-francais-acolprof-colombie-2022"]}]},{"@type":"ImageObject","inLanguage":"es-CO","@id":"https:\/\/www.acolprof.org\/xxvii-congres-national-des-professeurs-de-francais-acolprof-colombie-2022#primaryimage","url":"https:\/\/www.acolprof.org\/wp-content\/uploads\/2022\/07\/le-congres-2-e\u0300me-e\u0301dition.jpg","contentUrl":"https:\/\/www.acolprof.org\/wp-content\/uploads\/2022\/07\/le-congres-2-e\u0300me-e\u0301dition.jpg","width":1200,"height":676,"caption":"Congr\u00e8s national. - 2\u00e8me \u00c9dition"},{"@type":"BreadcrumbList","@id":"https:\/\/www.acolprof.org\/xxvii-congres-national-des-professeurs-de-francais-acolprof-colombie-2022#breadcrumb","itemListElement":[{"@type":"ListItem","position":1,"name":"Accueil","item":"https:\/\/www.acolprof.org\/"},{"@type":"ListItem","position":2,"name":"XXVII Congr\u00e8s national des professeurs de fran\u00e7ais \u2013 Acolprof Colombie 2022"}]},{"@type":"WebSite","@id":"https:\/\/www.acolprof.org\/#website","url":"https:\/\/www.acolprof.org\/","name":"Acolprof","description":"Association Colombienne de professeurs de fran\u00e7ais","publisher":{"@id":"https:\/\/www.acolprof.org\/#organization"},"potentialAction":[{"@type":"SearchAction","target":{"@type":"EntryPoint","urlTemplate":"https:\/\/www.acolprof.org\/?s={search_term_string}"},"query-input":{"@type":"PropertyValueSpecification","valueRequired":true,"valueName":"search_term_string"}}],"inLanguage":"es-CO"},{"@type":"Organization","@id":"https:\/\/www.acolprof.org\/#organization","name":"ACOLPROF","url":"https:\/\/www.acolprof.org\/","logo":{"@type":"ImageObject","inLanguage":"es-CO","@id":"https:\/\/www.acolprof.org\/#\/schema\/logo\/image\/","url":"https:\/\/www.acolprof.org\/wp-content\/uploads\/2022\/01\/logo-Acolprof-site.png","contentUrl":"https:\/\/www.acolprof.org\/wp-content\/uploads\/2022\/01\/logo-Acolprof-site.png","width":350,"height":90,"caption":"ACOLPROF"},"image":{"@id":"https:\/\/www.acolprof.org\/#\/schema\/logo\/image\/"},"sameAs":["https:\/\/www.facebook.com\/ACOLPROF\/","https:\/\/x.com\/acolprof"]},{"@type":"Person","@id":"https:\/\/www.acolprof.org\/#\/schema\/person\/8d9be2c8d66263bab9ca40a2426587ba","name":"administrador de p\u00e1gina web","image":{"@type":"ImageObject","inLanguage":"es-CO","@id":"https:\/\/www.acolprof.org\/wp-content\/uploads\/avatars\/1\/1643196536-bpfull.jpg","url":"https:\/\/www.acolprof.org\/wp-content\/uploads\/avatars\/1\/1643196536-bpfull.jpg","contentUrl":"https:\/\/www.acolprof.org\/wp-content\/uploads\/avatars\/1\/1643196536-bpfull.jpg","caption":"Webmaster"},"sameAs":["https:\/\/www.acolprof.org"],"url":"https:\/\/www.acolprof.org\/es_co\/membres\/airvay"}]}},"_links":{"self":[{"href":"https:\/\/www.acolprof.org\/es_co\/wp-json\/wp\/v2\/posts\/14311","targetHints":{"allow":["GET"]}}],"collection":[{"href":"https:\/\/www.acolprof.org\/es_co\/wp-json\/wp\/v2\/posts"}],"about":[{"href":"https:\/\/www.acolprof.org\/es_co\/wp-json\/wp\/v2\/types\/post"}],"author":[{"embeddable":true,"href":"https:\/\/www.acolprof.org\/es_co\/wp-json\/wp\/v2\/users\/1"}],"replies":[{"embeddable":true,"href":"https:\/\/www.acolprof.org\/es_co\/wp-json\/wp\/v2\/comments?post=14311"}],"version-history":[{"count":0,"href":"https:\/\/www.acolprof.org\/es_co\/wp-json\/wp\/v2\/posts\/14311\/revisions"}],"wp:featuredmedia":[{"embeddable":true,"href":"https:\/\/www.acolprof.org\/es_co\/wp-json\/wp\/v2\/media\/14313"}],"wp:attachment":[{"href":"https:\/\/www.acolprof.org\/es_co\/wp-json\/wp\/v2\/media?parent=14311"}],"wp:term":[{"taxonomy":"category","embeddable":true,"href":"https:\/\/www.acolprof.org\/es_co\/wp-json\/wp\/v2\/categories?post=14311"},{"taxonomy":"post_tag","embeddable":true,"href":"https:\/\/www.acolprof.org\/es_co\/wp-json\/wp\/v2\/tags?post=14311"}],"curies":[{"name":"wp","href":"https:\/\/api.w.org\/{rel}","templated":true}]}}