{"id":13341,"date":"2021-10-16T16:57:07","date_gmt":"2021-10-16T14:57:07","guid":{"rendered":"https:\/\/www.acolprof.org\/?p=13341"},"modified":"2022-07-24T14:16:33","modified_gmt":"2022-07-24T12:16:33","slug":"nouvelles-sur-ladhesion-acolprof","status":"publish","type":"post","link":"https:\/\/www.acolprof.org\/es_co\/nouvelles-sur-ladhesion-acolprof","title":{"rendered":"Noticias de la Membres\u00eda ACOLPROF"},"content":{"rendered":"<div data-elementor-type=\"wp-post\" data-elementor-id=\"13341\" class=\"elementor elementor-13341\" data-elementor-post-type=\"post\">\n\t\t\t\t\t\t<section class=\"elementor-section elementor-top-section elementor-element elementor-element-57a55ee elementor-section-boxed elementor-section-height-default elementor-section-height-default\" data-id=\"57a55ee\" data-element_type=\"section\" data-e-type=\"section\">\n\t\t\t\t\t\t<div class=\"elementor-container elementor-column-gap-default\">\n\t\t\t\t\t<div class=\"elementor-column elementor-col-100 elementor-top-column elementor-element elementor-element-fad51e9\" data-id=\"fad51e9\" data-element_type=\"column\" data-e-type=\"column\">\n\t\t\t<div class=\"elementor-widget-wrap\">\n\t\t\t\t\t\t\t<\/div>\n\t\t<\/div>\n\t\t\t\t\t<\/div>\n\t\t<\/section>\n\t\t\t\t<section class=\"elementor-section elementor-top-section elementor-element elementor-element-821c52e elementor-section-boxed elementor-section-height-default elementor-section-height-default\" data-id=\"821c52e\" data-element_type=\"section\" data-e-type=\"section\">\n\t\t\t\t\t\t<div class=\"elementor-container elementor-column-gap-default\">\n\t\t\t\t\t<div class=\"elementor-column elementor-col-100 elementor-top-column elementor-element elementor-element-d5d36d2\" data-id=\"d5d36d2\" data-element_type=\"column\" data-e-type=\"column\">\n\t\t\t<div class=\"elementor-widget-wrap elementor-element-populated\">\n\t\t\t\t\t\t<div class=\"elementor-element elementor-element-17a67cf elementor-widget elementor-widget-heading\" data-id=\"17a67cf\" data-element_type=\"widget\" data-e-type=\"widget\" data-widget_type=\"heading.default\">\n\t\t\t\t<div class=\"elementor-widget-container\">\n\t\t\t\t\t<h2 class=\"elementor-heading-title elementor-size-default\">Noticias sobre la afiliaci\u00f3n a ACOLPROF<\/h2>\t\t\t\t<\/div>\n\t\t\t\t<\/div>\n\t\t\t\t<div class=\"elementor-element elementor-element-24c152e elementor-widget elementor-widget-text-editor\" data-id=\"24c152e\" data-element_type=\"widget\" data-e-type=\"widget\" data-widget_type=\"text-editor.default\">\n\t\t\t\t<div class=\"elementor-widget-container\">\n\t\t\t\t\t\t\t\t\t<div><p><a href=\"https:\/\/www.acolprof.org\/wp-content\/uploads\/2021\/10\/Inscription-Institunionelle_compressed.pdf\" target=\"_blank\" rel=\"noopener\">Membres\u00eda Institucional<\/a><strong>\u00a0<\/strong>: Convi\u00e9rtase en miembro y socio del XXVII Congreso Nacional de Profesores de Franc\u00e9s. Resalte su instituci\u00f3n e invite a sus profesores suscritos al Congreso.<\/p><\/div><div><a href=\"https:\/\/www.acolprof.org\/wp-content\/uploads\/2021\/10\/Inscription-individuelle_compressed.pdf\" target=\"_blank\" rel=\"noopener\">Membres\u00eda individual<\/a><strong>\u00a0<\/strong>: Este a\u00f1o, los miembros tienen entrada gratuita al XXVII Congreso Nacional de Profesores de Franc\u00e9s. \u00a1Es hora de aprovechar una suscripci\u00f3n anual a ACOLPROF con sus beneficios y trabajar juntos por el franc\u00e9s y sus profesores!\u00a0<\/div><div>\u00a0<\/div><div><div>Acuerdo con el diario de\u00a0<strong>la Federaci\u00f3n Internacional de Profesores de Franc\u00e9s<\/strong>\u00a0FIPF:<\/div><div>Ahora tienes la opci\u00f3n de suscribirte a ACOLPROF y a la revista\u00a0<strong>Franc\u00e9s en el mundo<\/strong>\u00a0\u00a1al mismo tiempo! Podr\u00e1s seguir las noticias en franc\u00e9s y aprovechar los recursos educativos.<\/div><\/div>\t\t\t\t\t\t\t\t<\/div>\n\t\t\t\t<\/div>\n\t\t\t\t\t<\/div>\n\t\t<\/div>\n\t\t\t\t\t<\/div>\n\t\t<\/section>\n\t\t\t\t<\/div>","protected":false},"excerpt":{"rendered":"<p>Novedades sobre la membres\u00eda de ACOLPROF Membres\u00eda institucional: H\u00e1gase miembro y socio del XXVII Congreso\u2026<\/p>","protected":false},"author":1,"featured_media":14376,"comment_status":"open","ping_status":"open","sticky":false,"template":"elementor_theme","format":"standard","meta":{"_bbp_topic_count":0,"_bbp_reply_count":0,"_bbp_total_topic_count":0,"_bbp_total_reply_count":0,"_bbp_voice_count":0,"_bbp_anonymous_reply_count":0,"_bbp_topic_count_hidden":0,"_bbp_reply_count_hidden":0,"_bbp_forum_subforum_count":0,"footnotes":""},"categories":[29],"tags":[],"class_list":["post-13341","post","type-post","status-publish","format-standard","has-post-thumbnail","hentry","category-blog"],"yoast_head":"<!-- This site is optimized with the Yoast SEO plugin v27.4 - https:\/\/yoast.com\/product\/yoast-seo-wordpress\/ -->\n<title>Nouvelles sur l&#039;adh\u00e9sion ACOLPROF - Acolprof<\/title>\n<meta name=\"robots\" content=\"noindex, nofollow\" \/>\n<meta property=\"og:locale\" content=\"es_ES\" \/>\n<meta property=\"og:type\" content=\"article\" \/>\n<meta property=\"og:title\" content=\"Nouvelles sur l&#039;adh\u00e9sion ACOLPROF - Acolprof\" \/>\n<meta property=\"og:description\" content=\"Nouvelles sur l\u2019adh\u00e9sion \u00e0 ACOLPROF Adh\u00e9sion institutionnelle : Devenez membre et partenaire du XXVII Congr\u00e8s...\" \/>\n<meta property=\"og:url\" content=\"https:\/\/www.acolprof.org\/es_co\/nouvelles-sur-ladhesion-acolprof\/\" \/>\n<meta property=\"og:site_name\" content=\"Acolprof\" \/>\n<meta property=\"article:publisher\" content=\"https:\/\/www.facebook.com\/ACOLPROF\/\" \/>\n<meta property=\"article:published_time\" content=\"2021-10-16T14:57:07+00:00\" \/>\n<meta property=\"article:modified_time\" content=\"2022-07-24T12:16:33+00:00\" \/>\n<meta property=\"og:image\" content=\"https:\/\/www.acolprof.org\/wp-content\/uploads\/2021\/10\/appel.jpg\" \/>\n\t<meta property=\"og:image:width\" content=\"960\" \/>\n\t<meta property=\"og:image:height\" content=\"960\" \/>\n\t<meta property=\"og:image:type\" content=\"image\/jpeg\" \/>\n<meta name=\"author\" content=\"Webmaster\" \/>\n<meta name=\"twitter:card\" content=\"summary_large_image\" \/>\n<meta name=\"twitter:creator\" content=\"@acolprof\" \/>\n<meta name=\"twitter:site\" content=\"@acolprof\" \/>\n<meta name=\"twitter:label1\" content=\"Escrito por\" \/>\n\t<meta name=\"twitter:data1\" content=\"Webmaster\" \/>\n\t<meta name=\"twitter:label2\" content=\"Tiempo de lectura\" \/>\n\t<meta name=\"twitter:data2\" content=\"1 minuto\" \/>\n<script type=\"application\/ld+json\" class=\"yoast-schema-graph\">{\"@context\":\"https:\\\/\\\/schema.org\",\"@graph\":[{\"@type\":\"Article\",\"@id\":\"https:\\\/\\\/www.acolprof.org\\\/nouvelles-sur-ladhesion-acolprof#article\",\"isPartOf\":{\"@id\":\"https:\\\/\\\/www.acolprof.org\\\/nouvelles-sur-ladhesion-acolprof\"},\"author\":{\"name\":\"Webmaster\",\"@id\":\"https:\\\/\\\/www.acolprof.org\\\/#\\\/schema\\\/person\\\/8d9be2c8d66263bab9ca40a2426587ba\"},\"headline\":\"Nouvelles sur l&rsquo;adh\u00e9sion ACOLPROF\",\"datePublished\":\"2021-10-16T14:57:07+00:00\",\"dateModified\":\"2022-07-24T12:16:33+00:00\",\"mainEntityOfPage\":{\"@id\":\"https:\\\/\\\/www.acolprof.org\\\/nouvelles-sur-ladhesion-acolprof\"},\"wordCount\":151,\"commentCount\":0,\"publisher\":{\"@id\":\"https:\\\/\\\/www.acolprof.org\\\/#organization\"},\"image\":{\"@id\":\"https:\\\/\\\/www.acolprof.org\\\/nouvelles-sur-ladhesion-acolprof#primaryimage\"},\"thumbnailUrl\":\"https:\\\/\\\/www.acolprof.org\\\/wp-content\\\/uploads\\\/2021\\\/10\\\/appel.jpg\",\"articleSection\":[\"Blog\"],\"inLanguage\":\"es-CO\"},{\"@type\":\"WebPage\",\"@id\":\"https:\\\/\\\/www.acolprof.org\\\/nouvelles-sur-ladhesion-acolprof\",\"url\":\"https:\\\/\\\/www.acolprof.org\\\/nouvelles-sur-ladhesion-acolprof\",\"name\":\"Nouvelles sur l'adh\u00e9sion ACOLPROF - Acolprof\",\"isPartOf\":{\"@id\":\"https:\\\/\\\/www.acolprof.org\\\/#website\"},\"primaryImageOfPage\":{\"@id\":\"https:\\\/\\\/www.acolprof.org\\\/nouvelles-sur-ladhesion-acolprof#primaryimage\"},\"image\":{\"@id\":\"https:\\\/\\\/www.acolprof.org\\\/nouvelles-sur-ladhesion-acolprof#primaryimage\"},\"thumbnailUrl\":\"https:\\\/\\\/www.acolprof.org\\\/wp-content\\\/uploads\\\/2021\\\/10\\\/appel.jpg\",\"datePublished\":\"2021-10-16T14:57:07+00:00\",\"dateModified\":\"2022-07-24T12:16:33+00:00\",\"breadcrumb\":{\"@id\":\"https:\\\/\\\/www.acolprof.org\\\/nouvelles-sur-ladhesion-acolprof#breadcrumb\"},\"inLanguage\":\"es-CO\",\"potentialAction\":[{\"@type\":\"ReadAction\",\"target\":[\"https:\\\/\\\/www.acolprof.org\\\/nouvelles-sur-ladhesion-acolprof\"]}]},{\"@type\":\"ImageObject\",\"inLanguage\":\"es-CO\",\"@id\":\"https:\\\/\\\/www.acolprof.org\\\/nouvelles-sur-ladhesion-acolprof#primaryimage\",\"url\":\"https:\\\/\\\/www.acolprof.org\\\/wp-content\\\/uploads\\\/2021\\\/10\\\/appel.jpg\",\"contentUrl\":\"https:\\\/\\\/www.acolprof.org\\\/wp-content\\\/uploads\\\/2021\\\/10\\\/appel.jpg\",\"width\":960,\"height\":960,\"caption\":\"Nouvelles sur l'adh\u00e9sion \u00e0 l'association ACOLPROF\"},{\"@type\":\"BreadcrumbList\",\"@id\":\"https:\\\/\\\/www.acolprof.org\\\/nouvelles-sur-ladhesion-acolprof#breadcrumb\",\"itemListElement\":[{\"@type\":\"ListItem\",\"position\":1,\"name\":\"Accueil\",\"item\":\"https:\\\/\\\/www.acolprof.org\\\/\"},{\"@type\":\"ListItem\",\"position\":2,\"name\":\"Nouvelles sur l&#8217;adh\u00e9sion ACOLPROF\"}]},{\"@type\":\"WebSite\",\"@id\":\"https:\\\/\\\/www.acolprof.org\\\/#website\",\"url\":\"https:\\\/\\\/www.acolprof.org\\\/\",\"name\":\"Acolprof\",\"description\":\"Association Colombienne de professeurs de fran\u00e7ais\",\"publisher\":{\"@id\":\"https:\\\/\\\/www.acolprof.org\\\/#organization\"},\"potentialAction\":[{\"@type\":\"SearchAction\",\"target\":{\"@type\":\"EntryPoint\",\"urlTemplate\":\"https:\\\/\\\/www.acolprof.org\\\/?s={search_term_string}\"},\"query-input\":{\"@type\":\"PropertyValueSpecification\",\"valueRequired\":true,\"valueName\":\"search_term_string\"}}],\"inLanguage\":\"es-CO\"},{\"@type\":\"Organization\",\"@id\":\"https:\\\/\\\/www.acolprof.org\\\/#organization\",\"name\":\"ACOLPROF\",\"url\":\"https:\\\/\\\/www.acolprof.org\\\/\",\"logo\":{\"@type\":\"ImageObject\",\"inLanguage\":\"es-CO\",\"@id\":\"https:\\\/\\\/www.acolprof.org\\\/#\\\/schema\\\/logo\\\/image\\\/\",\"url\":\"https:\\\/\\\/www.acolprof.org\\\/wp-content\\\/uploads\\\/2022\\\/01\\\/logo-Acolprof-site.png\",\"contentUrl\":\"https:\\\/\\\/www.acolprof.org\\\/wp-content\\\/uploads\\\/2022\\\/01\\\/logo-Acolprof-site.png\",\"width\":350,\"height\":90,\"caption\":\"ACOLPROF\"},\"image\":{\"@id\":\"https:\\\/\\\/www.acolprof.org\\\/#\\\/schema\\\/logo\\\/image\\\/\"},\"sameAs\":[\"https:\\\/\\\/www.facebook.com\\\/ACOLPROF\\\/\",\"https:\\\/\\\/x.com\\\/acolprof\"]},{\"@type\":\"Person\",\"@id\":\"https:\\\/\\\/www.acolprof.org\\\/#\\\/schema\\\/person\\\/8d9be2c8d66263bab9ca40a2426587ba\",\"name\":\"Webmaster\",\"image\":{\"@type\":\"ImageObject\",\"inLanguage\":\"es-CO\",\"@id\":\"https:\\\/\\\/www.acolprof.org\\\/wp-content\\\/uploads\\\/avatars\\\/1\\\/1643196536-bpfull.jpg\",\"url\":\"https:\\\/\\\/www.acolprof.org\\\/wp-content\\\/uploads\\\/avatars\\\/1\\\/1643196536-bpfull.jpg\",\"contentUrl\":\"https:\\\/\\\/www.acolprof.org\\\/wp-content\\\/uploads\\\/avatars\\\/1\\\/1643196536-bpfull.jpg\",\"caption\":\"Webmaster\"},\"sameAs\":[\"https:\\\/\\\/www.acolprof.org\"],\"url\":\"https:\\\/\\\/www.acolprof.org\\\/es_co\\\/membres\\\/airvay\"}]}<\/script>\n<!-- \/ Yoast SEO plugin. -->","yoast_head_json":{"title":"Nouvelles sur l'adh\u00e9sion ACOLPROF - Acolprof","robots":{"index":"noindex","follow":"nofollow"},"og_locale":"es_ES","og_type":"article","og_title":"Nouvelles sur l'adh\u00e9sion ACOLPROF - Acolprof","og_description":"Nouvelles sur l\u2019adh\u00e9sion \u00e0 ACOLPROF Adh\u00e9sion institutionnelle : Devenez membre et partenaire du XXVII Congr\u00e8s...","og_url":"https:\/\/www.acolprof.org\/es_co\/nouvelles-sur-ladhesion-acolprof\/","og_site_name":"Acolprof","article_publisher":"https:\/\/www.facebook.com\/ACOLPROF\/","article_published_time":"2021-10-16T14:57:07+00:00","article_modified_time":"2022-07-24T12:16:33+00:00","og_image":[{"width":960,"height":960,"url":"https:\/\/www.acolprof.org\/wp-content\/uploads\/2021\/10\/appel.jpg","type":"image\/jpeg"}],"author":"Webmaster","twitter_card":"summary_large_image","twitter_creator":"@acolprof","twitter_site":"@acolprof","twitter_misc":{"Escrito por":"Webmaster","Tiempo de lectura":"1 minuto"},"schema":{"@context":"https:\/\/schema.org","@graph":[{"@type":"Article","@id":"https:\/\/www.acolprof.org\/nouvelles-sur-ladhesion-acolprof#article","isPartOf":{"@id":"https:\/\/www.acolprof.org\/nouvelles-sur-ladhesion-acolprof"},"author":{"name":"Webmaster","@id":"https:\/\/www.acolprof.org\/#\/schema\/person\/8d9be2c8d66263bab9ca40a2426587ba"},"headline":"Nouvelles sur l&rsquo;adh\u00e9sion ACOLPROF","datePublished":"2021-10-16T14:57:07+00:00","dateModified":"2022-07-24T12:16:33+00:00","mainEntityOfPage":{"@id":"https:\/\/www.acolprof.org\/nouvelles-sur-ladhesion-acolprof"},"wordCount":151,"commentCount":0,"publisher":{"@id":"https:\/\/www.acolprof.org\/#organization"},"image":{"@id":"https:\/\/www.acolprof.org\/nouvelles-sur-ladhesion-acolprof#primaryimage"},"thumbnailUrl":"https:\/\/www.acolprof.org\/wp-content\/uploads\/2021\/10\/appel.jpg","articleSection":["Blog"],"inLanguage":"es-CO"},{"@type":"WebPage","@id":"https:\/\/www.acolprof.org\/nouvelles-sur-ladhesion-acolprof","url":"https:\/\/www.acolprof.org\/nouvelles-sur-ladhesion-acolprof","name":"Nouvelles sur l'adh\u00e9sion ACOLPROF - Acolprof","isPartOf":{"@id":"https:\/\/www.acolprof.org\/#website"},"primaryImageOfPage":{"@id":"https:\/\/www.acolprof.org\/nouvelles-sur-ladhesion-acolprof#primaryimage"},"image":{"@id":"https:\/\/www.acolprof.org\/nouvelles-sur-ladhesion-acolprof#primaryimage"},"thumbnailUrl":"https:\/\/www.acolprof.org\/wp-content\/uploads\/2021\/10\/appel.jpg","datePublished":"2021-10-16T14:57:07+00:00","dateModified":"2022-07-24T12:16:33+00:00","breadcrumb":{"@id":"https:\/\/www.acolprof.org\/nouvelles-sur-ladhesion-acolprof#breadcrumb"},"inLanguage":"es-CO","potentialAction":[{"@type":"ReadAction","target":["https:\/\/www.acolprof.org\/nouvelles-sur-ladhesion-acolprof"]}]},{"@type":"ImageObject","inLanguage":"es-CO","@id":"https:\/\/www.acolprof.org\/nouvelles-sur-ladhesion-acolprof#primaryimage","url":"https:\/\/www.acolprof.org\/wp-content\/uploads\/2021\/10\/appel.jpg","contentUrl":"https:\/\/www.acolprof.org\/wp-content\/uploads\/2021\/10\/appel.jpg","width":960,"height":960,"caption":"Nouvelles sur l'adh\u00e9sion \u00e0 l'association ACOLPROF"},{"@type":"BreadcrumbList","@id":"https:\/\/www.acolprof.org\/nouvelles-sur-ladhesion-acolprof#breadcrumb","itemListElement":[{"@type":"ListItem","position":1,"name":"Accueil","item":"https:\/\/www.acolprof.org\/"},{"@type":"ListItem","position":2,"name":"Nouvelles sur l&#8217;adh\u00e9sion ACOLPROF"}]},{"@type":"WebSite","@id":"https:\/\/www.acolprof.org\/#website","url":"https:\/\/www.acolprof.org\/","name":"Acolprof","description":"Association Colombienne de professeurs de fran\u00e7ais","publisher":{"@id":"https:\/\/www.acolprof.org\/#organization"},"potentialAction":[{"@type":"SearchAction","target":{"@type":"EntryPoint","urlTemplate":"https:\/\/www.acolprof.org\/?s={search_term_string}"},"query-input":{"@type":"PropertyValueSpecification","valueRequired":true,"valueName":"search_term_string"}}],"inLanguage":"es-CO"},{"@type":"Organization","@id":"https:\/\/www.acolprof.org\/#organization","name":"ACOLPROF","url":"https:\/\/www.acolprof.org\/","logo":{"@type":"ImageObject","inLanguage":"es-CO","@id":"https:\/\/www.acolprof.org\/#\/schema\/logo\/image\/","url":"https:\/\/www.acolprof.org\/wp-content\/uploads\/2022\/01\/logo-Acolprof-site.png","contentUrl":"https:\/\/www.acolprof.org\/wp-content\/uploads\/2022\/01\/logo-Acolprof-site.png","width":350,"height":90,"caption":"ACOLPROF"},"image":{"@id":"https:\/\/www.acolprof.org\/#\/schema\/logo\/image\/"},"sameAs":["https:\/\/www.facebook.com\/ACOLPROF\/","https:\/\/x.com\/acolprof"]},{"@type":"Person","@id":"https:\/\/www.acolprof.org\/#\/schema\/person\/8d9be2c8d66263bab9ca40a2426587ba","name":"administrador de p\u00e1gina web","image":{"@type":"ImageObject","inLanguage":"es-CO","@id":"https:\/\/www.acolprof.org\/wp-content\/uploads\/avatars\/1\/1643196536-bpfull.jpg","url":"https:\/\/www.acolprof.org\/wp-content\/uploads\/avatars\/1\/1643196536-bpfull.jpg","contentUrl":"https:\/\/www.acolprof.org\/wp-content\/uploads\/avatars\/1\/1643196536-bpfull.jpg","caption":"Webmaster"},"sameAs":["https:\/\/www.acolprof.org"],"url":"https:\/\/www.acolprof.org\/es_co\/membres\/airvay"}]}},"_links":{"self":[{"href":"https:\/\/www.acolprof.org\/es_co\/wp-json\/wp\/v2\/posts\/13341","targetHints":{"allow":["GET"]}}],"collection":[{"href":"https:\/\/www.acolprof.org\/es_co\/wp-json\/wp\/v2\/posts"}],"about":[{"href":"https:\/\/www.acolprof.org\/es_co\/wp-json\/wp\/v2\/types\/post"}],"author":[{"embeddable":true,"href":"https:\/\/www.acolprof.org\/es_co\/wp-json\/wp\/v2\/users\/1"}],"replies":[{"embeddable":true,"href":"https:\/\/www.acolprof.org\/es_co\/wp-json\/wp\/v2\/comments?post=13341"}],"version-history":[{"count":0,"href":"https:\/\/www.acolprof.org\/es_co\/wp-json\/wp\/v2\/posts\/13341\/revisions"}],"wp:featuredmedia":[{"embeddable":true,"href":"https:\/\/www.acolprof.org\/es_co\/wp-json\/wp\/v2\/media\/14376"}],"wp:attachment":[{"href":"https:\/\/www.acolprof.org\/es_co\/wp-json\/wp\/v2\/media?parent=13341"}],"wp:term":[{"taxonomy":"category","embeddable":true,"href":"https:\/\/www.acolprof.org\/es_co\/wp-json\/wp\/v2\/categories?post=13341"},{"taxonomy":"post_tag","embeddable":true,"href":"https:\/\/www.acolprof.org\/es_co\/wp-json\/wp\/v2\/tags?post=13341"}],"curies":[{"name":"wp","href":"https:\/\/api.w.org\/{rel}","templated":true}]}}