{"id":14771,"global_id":"www.acolprof.org\/es_co?id=14771","global_id_lineage":["www.acolprof.org\/es_co?id=14771"],"author":"1","status":"publish","date":"2022-08-26 18:32:52","date_utc":"2022-08-26 16:32:52","modified":"2022-08-26 18:53:28","modified_utc":"2022-08-26 16:53:28","url":"https:\/\/www.acolprof.org\/es_co\/evenement\/cifran","rest_url":"https:\/\/www.acolprof.org\/es_co\/wp-json\/tribe\/events\/v1\/events\/14771","title":"Stage de formation initiale \u00e0 l\u2019Approche Neurolinguistique de l\u2019enseignement des langues secondes\/\u00e9trang\u00e8res","description":"<p>Cette formation vise \u00e0 faire acqu\u00e9rir les fondements th\u00e9oriques et l\u2019exp\u00e9rience pratique des strat\u00e9gies d\u2019enseignement indispensables qui sont au c\u0153ur de l\u2019Approche Neurolinguistique.<\/p>","excerpt":"","slug":"cifran","image":{"url":"https:\/\/www.acolprof.org\/wp-content\/uploads\/2022\/07\/CiFRAN-web-01.png","id":14544,"extension":"png","width":777,"height":417,"filesize":30111,"sizes":{"medium":{"width":300,"height":161,"mime-type":"image\/png","filesize":25969,"url":"https:\/\/www.acolprof.org\/wp-content\/uploads\/2022\/07\/CiFRAN-web-01-300x161.png"},"thumbnail":{"width":150,"height":150,"mime-type":"image\/png","filesize":14133,"url":"https:\/\/www.acolprof.org\/wp-content\/uploads\/2022\/07\/CiFRAN-web-01-150x150.png"},"medium_large":{"width":768,"height":412,"mime-type":"image\/png","filesize":97955,"url":"https:\/\/www.acolprof.org\/wp-content\/uploads\/2022\/07\/CiFRAN-web-01-768x412.png"},"trp-custom-language-flag":{"width":18,"height":10,"mime-type":"image\/png","filesize":440,"url":"https:\/\/www.acolprof.org\/wp-content\/uploads\/2022\/07\/CiFRAN-web-01-18x10.png"},"post-thumbnail":{"width":672,"height":361,"mime-type":"image\/png","filesize":58478,"url":"https:\/\/www.acolprof.org\/wp-content\/uploads\/2022\/07\/CiFRAN-web-01-672x361.png"},"kleo-post-gallery":{"width":480,"height":270,"mime-type":"image\/png","filesize":61794,"url":"https:\/\/www.acolprof.org\/wp-content\/uploads\/2022\/07\/CiFRAN-web-01-480x270.png"},"kleo-post-grid":{"width":480,"height":258,"mime-type":"image\/png","filesize":57894,"url":"https:\/\/www.acolprof.org\/wp-content\/uploads\/2022\/07\/CiFRAN-web-01-480x258.png"},"kleo-post-small-thumb":{"width":480,"height":270,"mime-type":"image\/png","filesize":61794,"url":"https:\/\/www.acolprof.org\/wp-content\/uploads\/2022\/07\/CiFRAN-web-01-480x270.png"},"sq_44x44":{"width":44,"height":44,"mime-type":"image\/png","aqua-sq":true,"url":"https:\/\/www.acolprof.org\/wp-content\/uploads\/2022\/07\/CiFRAN-web-01-44x44.png"}}},"all_day":false,"start_date":"2022-10-04 10:00:00","start_date_details":{"year":"2022","month":"10","day":"04","hour":"10","minutes":"00","seconds":"00"},"end_date":"2022-10-08 17:00:00","end_date_details":{"year":"2022","month":"10","day":"08","hour":"17","minutes":"00","seconds":"00"},"utc_start_date":"2022-10-04 08:00:00","utc_start_date_details":{"year":"2022","month":"10","day":"04","hour":"08","minutes":"00","seconds":"00"},"utc_end_date":"2022-10-08 15:00:00","utc_end_date_details":{"year":"2022","month":"10","day":"08","hour":"15","minutes":"00","seconds":"00"},"timezone":"Europe\/Paris","timezone_abbr":"CEST","cost":"","cost_details":{"currency_symbol":"","currency_code":"","currency_position":"prefix","values":[]},"website":"","show_map":true,"show_map_link":false,"hide_from_listings":false,"sticky":true,"featured":false,"categories":[{"name":"Ev\u00e8nements Acolprof","slug":"evenements-acolprof","term_group":0,"term_taxonomy_id":34,"taxonomy":"tribe_events_cat","description":"","parent":0,"count":3,"filter":"raw","id":34,"urls":{"self":"https:\/\/www.acolprof.org\/es_co\/wp-json\/tribe\/events\/v1\/categories\/34","collection":"https:\/\/www.acolprof.org\/es_co\/wp-json\/tribe\/events\/v1\/categories"}}],"tags":[],"venue":[],"organizer":[],"custom_fields":[],"json_ld":{"@context":"http:\/\/schema.org","@type":"Event","name":"Stage de formation initiale \u00e0 l\u2019Approche Neurolinguistique de l\u2019enseignement des langues secondes\/\u00e9trang\u00e8res","description":"&lt;p&gt;Cette formation vise \u00e0 faire acqu\u00e9rir les fondements th\u00e9oriques et l\u2019exp\u00e9rience pratique des strat\u00e9gies d\u2019enseignement indispensables qui sont au c\u0153ur de l\u2019Approche Neurolinguistique.&lt;\/p&gt;\\n","image":"https:\/\/www.acolprof.org\/wp-content\/uploads\/2022\/07\/CiFRAN-web-01.png","url":"https:\/\/www.acolprof.org\/es_co\/evenement\/cifran\/","eventAttendanceMode":"https:\/\/schema.org\/OfflineEventAttendanceMode","eventStatus":"https:\/\/schema.org\/EventScheduled","startDate":"2022-10-04T10:00:00+02:00","endDate":"2022-10-08T17:00:00+02:00","performer":"Organization"}}